{"id":42063,"date":"2026-01-02T09:16:24","date_gmt":"2026-01-02T08:16:24","guid":{"rendered":"https:\/\/radvanice.casd.cz\/?p=42063"},"modified":"2026-01-02T09:27:00","modified_gmt":"2026-01-02T08:27:00","slug":"sobotni-skola-1-ctvrtleti-2026","status":"publish","type":"post","link":"https:\/\/radvanice.casd.cz\/?p=42063","title":{"rendered":"Sobotn\u00ed \u0161kola &#8211; 1. \u010dtvrtlet\u00ed 2026"},"content":{"rendered":"<p><a href=\"https:\/\/radvanice.casd.cz\/wp-content\/uploads\/sobotni_skola_2026_01.png\"><img loading=\"lazy\" decoding=\"async\" src=\"https:\/\/radvanice.casd.cz\/wp-content\/uploads\/sobotni_skola_2026_01-150x150.png\" alt=\"\" width=\"150\" height=\"150\" class=\"alignleft size-thumbnail wp-image-42065\" srcset=\"https:\/\/radvanice.casd.cz\/wp-content\/uploads\/sobotni_skola_2026_01-150x150.png 150w, https:\/\/radvanice.casd.cz\/wp-content\/uploads\/sobotni_skola_2026_01-75x75.png 75w\" sizes=\"auto, (max-width: 150px) 100vw, 150px\" \/><\/a><\/p>\n<p>V prvn\u00edm \u010dtvrtlet\u00ed nov\u00e9ho roku 2026 budou v\u011b\u0159\u00edc\u00ed ve sborech C\u00edrkve adventist\u016f sedm\u00e9ho dne studovat dv\u011b novoz\u00e1konn\u00ed biblick\u00e9 knihy, a to Pavlovy listy Filipsk\u00fdm a Kolosk\u00fdm. Oba dopisy jsou si v mnoh\u00e9m podobn\u00e9. P\u0159edev\u0161\u00edm zjevuj\u00ed Krista, jedin\u00e9ho, kdo je schopen spojit nebe se zem\u00ed. On je \u201e\u017eeb\u0159\u00edk\u201c, kter\u00fd J\u00e1kob vid\u011bl sahat ze zem\u011b do nebe (Gn 28,12; srov. J 1,51). Jako Syn \u010dlov\u011bka a z\u00e1rove\u0148 Syn Bo\u017e\u00ed n\u00e1s vykupuje z h\u0159\u00edchu a p\u0159imlouv\u00e1 se za n\u00e1s.<\/p>\n<p>Ke spole\u010dn\u00e9mu studiu, kter\u00e9 u n\u00e1s v modlitebn\u011b prob\u00edh\u00e1 ka\u017edou sobotu od 9:30, jste v\u0161ichni zv\u00e1ni &#x1f642;<\/p>\n<p><em>Autorem materi\u00e1lu ke studiu Bible v tomto \u010dtvrlet\u00ed s n\u00e1zvem &#8222;Spojen\u00ed nebe a zem\u011b&#8220; je Clinton Wahlen, PhD &#8211; z\u00e1stupce \u0159editele Biblick\u00e9ho v\u00fdzkumn\u00e9ho institutu p\u0159i Gener\u00e1ln\u00ed konferenci. Jeho specializac\u00ed je Nov\u00fd z\u00e1kon, hermeneutika a adventistick\u00e9 d\u011bjiny. \u017dil a pracoval v N\u011bmecku, na Nov\u00e9m Z\u00e9landu, v Rusku, ve Spojen\u00e9m kr\u00e1lovstv\u00ed a na Filip\u00edn\u00e1ch.<\/em><\/p>\n<p>Materi\u00e1ly pro studium najdete na webu <a href=\"https:\/\/sobotniskola.casd.cz\">https:\/\/sobotniskola.casd.cz<\/a><\/p>\n<p>Materi\u00e1ly m\u016f\u017eete naj\u00edt tak\u00e9 ve v\u00fdborn\u00e9 aplikaci pro mobiln\u00ed telefony \u201eSobotn\u00ed \u0161kola\u201c (viz odkazy n\u00ed\u017ee), ve kter\u00e9 je mo\u017en\u00e9 si nechat zobrazit studovan\u00e9 biblick\u00e9 ver\u0161e v r\u016fzn\u00fdch p\u0159ekladech Bible a s mo\u017enost\u00ed z\u00e1pisu pozn\u00e1mek. Najdete tam tak\u00e9 pdf verzi lekc\u00ed, jejich audio verzi a tak\u00e9 videa k lekc\u00edm z HopeTV po\u0159adu \u201eBible pro dne\u0161ek\u201c (<a href=\"https:\/\/www.youtube.com\/channel\/UCBbDQr5lzHZ1vJFdA5MDrsQ\">odkaz na youtube kan\u00e1l HopeTV<\/a>). Na konci ka\u017ed\u00e9 lekce najdete tak\u00e9 dodate\u010dn\u00e9 diskuzn\u00ed ot\u00e1zky od br. Vlast\u00edka F\u00fcrsta. V aplikaci si m\u016f\u017eete p\u0159e\u010d\u00edst tak\u00e9 p\u0159elo\u017een\u00e9 misijn\u00ed p\u0159\u00edb\u011bhy, kter\u00e9 jsou dostupn\u00e9 v anglick\u00fdch materi\u00e1lech. Dopl\u0148kov\u00e9 materi\u00e1ly jsou p\u0159id\u00e1v\u00e1ny postupn\u011b a pokud je chcete m\u00edt aktu\u00e1ln\u00ed, je dobr\u00e9 b\u00fdt p\u0159i otev\u0159en\u00ed lekce p\u0159ipojen na internetu.<\/p>\n<p>Odkazy pro sta\u017een\u00ed aplikace sobotn\u00ed \u0161kola, p\u0159\u00edpadn\u011b pro zobrazen\u00ed webov\u00e9 verze materi\u00e1l\u016f:<\/p>\n<li>android: <a href=\"https:\/\/play.google.com\/store\/apps\/details?id=com.cryart.sabbathschool\">https:\/\/play.google.com\/store\/apps\/details?id=com.cryart.sabbathschool<\/a><\/li>\n<li>iOS (iPhone): <a href=\"https:\/\/apps.apple.com\/cz\/app\/sabbath-school-pm\/id895272167?l=cs\">https:\/\/apps.apple.com\/cz\/app\/sabbath-school-pm\/id895272167?l=cs<\/a><\/li>\n<li>webov\u00e1 verze: <a href=\"https:\/\/sabbath-school.adventech.io\/cs\">https:\/\/sabbath-school.adventech.io\/cs<\/a><\/li>\n<p><!--more--><\/p>\n<p><strong>Spojen\u00ed nebe a zem\u011b &#8211; \u00favod k materi\u00e1lu ke studiu<\/strong><\/p>\n<p>Vzpome\u0148 si na nejt\u011b\u017e\u0161\u00ed pr\u00e1ci, jakou jsi kdy musel ud\u011blat. Co ti ji zt\u011b\u017eovalo? Byla to o\u010dek\u00e1v\u00e1n\u00ed nebo m\u00e1lo \u010dasu na pr\u00e1ci? Byl to tv\u016fj postoj? Nebo lid\u00e9, se kter\u00fdmi jsi musel spolupracovat? Nebo se ti jen zd\u00e1lo, \u017ee je to nad tv\u00e9 s\u00edly?<\/p>\n<p>Zamysleme se nad c\u00edlem pl\u00e1nu spasen\u00ed: sjednotit nebe se zem\u00ed. Zn\u00ed to jako nemo\u017en\u00fd \u00fakol? Z lidsk\u00e9ho hlediska tomu tak ur\u010dit\u011b je. T\u011bsn\u011b p\u0159ed sv\u00fdm nanebevstoupen\u00edm v\u0161ak Je\u017e\u00ed\u0161 apo\u0161tol\u016fm pr\u00e1v\u011b takov\u00fd \u201enemo\u017en\u00fd\u201c \u00fakol dal: \u201eJd\u011bte ke v\u0161em n\u00e1rod\u016fm a z\u00edsk\u00e1vejte mi u\u010dedn\u00edky, k\u0159t\u011bte je ve jm\u00e9no Otce i Syna i Ducha svat\u00e9ho a u\u010dte je, aby zachov\u00e1vali v\u0161ecko, co jsem v\u00e1m p\u0159ik\u00e1zal. A hle, j\u00e1 jsem s v\u00e1mi po v\u0161ecky dny a\u017e do skon\u00e1n\u00ed tohoto v\u011bku\u201c (Mt 28,19.20).<\/p>\n<p>S podobn\u011b \u201enere\u00e1ln\u00fdm\u201c \u00fakolem Je\u017e\u00ed\u0161 poslal i Pavla k pohan\u016fm: \u201eabys otev\u0159el jejich o\u010di a oni se obr\u00e1tili od tmy ke sv\u011btlu, od moci satanovy k Bohu, a v\u00edrou ve mne dos\u00e1hli odpu\u0161t\u011bn\u00ed h\u0159\u00edch\u016f a pod\u00edlu mezi posv\u011bcen\u00fdmi\u201c (Sk 26,18).<\/p>\n<p>N\u011bkte\u0159\u00ed by se po takov\u00e9m pov\u011b\u0159en\u00ed mohli automaticky rovnou vzd\u00e1t. Nem\u011bli bychom v\u0161ak p\u0159ehl\u00e9dnout ani zasl\u00edben\u00ed, kter\u00e1 Je\u017e\u00ed\u0161 p\u0159i obou p\u0159\u00edle\u017eitostech dal. Apo\u0161tol\u016fm \u0159ekl: \u201eA hle, j\u00e1 jsem s v\u00e1mi po v\u0161ecky dny a\u017e do skon\u00e1n\u00ed tohoto v\u011bku\u201c (Mt 28,20). A Pavla Je\u017e\u00ed\u0161 povzbudil: \u201eAle zvedni se, povsta\u0148. Nebo\u0165 proto jsem se ti zjevil, abych t\u011b u\u010dinil sv\u00fdm slu\u017eebn\u00edkem a sv\u011bdkem toho, co jsi spat\u0159il a co ti je\u0161t\u011b d\u00e1m poznat\u201c (Sk 26,16).<\/p>\n<p>Stru\u010dn\u011b \u0159e\u010deno, Je\u017e\u00ed\u0161 d\u00e1v\u00e1 z lidsk\u00e9ho pohledu nemo\u017en\u00e9 \u00fakoly, abychom se p\u0159i jejich pln\u011bn\u00ed spol\u00e9hali sp\u00ed\u0161e na n\u011bho ne\u017e na sebe. Nikdy n\u00e1m ned\u00e1v\u00e1 \u00fakol, ani\u017e by n\u00e1m dal s\u00edlu jej i vykonat. \u201eKdy\u017e v\u016fle \u010dlov\u011bka spolupracuje s Bo\u017e\u00ed v\u016fl\u00ed, st\u00e1v\u00e1 se nep\u0159emo\u017eitelnou. V\u0161echno, co od n\u00e1s B\u016fh po\u017eaduje, m\u016f\u017eeme splnit v jeho s\u00edle. V\u0161echny Bo\u017e\u00ed p\u0159\u00edkazy z\u00e1rove\u0148 obsahuj\u00ed s\u00edlu k jejich vykon\u00e1n\u00ed.\u201c (COL 333; PM 168)<\/p>\n<p>Je \u00fa\u017easn\u00e9, \u017ee v dob\u011b, kdy Pavel psal Kolosk\u00fdm, bylo evangelium \u201e\u2026 k\u00e1z\u00e1no v\u0161emu stvo\u0159en\u00ed pod nebem\u2026\u201c (Ko 1,23). Samoz\u0159ejm\u011b, ne v\u0161ichni ho p\u0159ijali. Ale pokud se pozorn\u011b pod\u00edv\u00e1me na pov\u011b\u0159en\u00ed, kter\u00e9 dal apo\u0161tol\u016fm (Mt 28,18\u201320) a Pavlovi, Je\u017e\u00ed\u0161 nikdy nesl\u00edbil, \u017ee se v\u0161ichni stanou u\u010dedn\u00edky nebo \u017ee se v\u0161ichni obr\u00e1t\u00ed. \u201eA toto evangelium o kr\u00e1lovstv\u00ed bude k\u00e1z\u00e1no po cel\u00e9m sv\u011bt\u011b na sv\u011bdectv\u00ed v\u0161em n\u00e1rod\u016fm, a teprve potom p\u0159ijde konec\u201c (Mt 24,14). Jak takov\u00e9 sv\u011bdectv\u00ed vypad\u00e1? Jak p\u0159esn\u011b m\u00e1me uskute\u010d\u0148ovat sv\u00e9 povol\u00e1n\u00ed?<\/p>\n<p>Toto \u010dtvrtlet\u00ed budeme studovat Pavlovy listy Filipsk\u00fdm a Kolosk\u00fdm. Oba dopisy jsou si v mnoh\u00e9m podobn\u00e9. P\u0159edev\u0161\u00edm zjevuj\u00ed Krista, jedin\u00e9ho, kdo je schopen spojit nebe se zem\u00ed. On je \u201e\u017eeb\u0159\u00edk\u201c, kter\u00fd J\u00e1kob vid\u011bl sahat ze zem\u011b do nebe (Gn 28,12; srov. J 1,51). Jako Syn \u010dlov\u011bka a z\u00e1rove\u0148 Syn Bo\u017e\u00ed n\u00e1s vykupuje z h\u0159\u00edchu a p\u0159imlouv\u00e1 se za n\u00e1s.<\/p>\n<p>P\u0159i studiu t\u011bchto dopis\u016f uvid\u00edme oba aspekty Je\u017e\u00ed\u0161e. Budeme uva\u017eovat o n\u011bkter\u00fdch velkolep\u00fdch v\u00fdroc\u00edch o Kristov\u011b bo\u017estv\u00ed a o tom, jak se v\u0161eho vzdal, aby n\u00e1s spasil. Uvid\u00edme Pavla, jak se z v\u011bzen\u00ed pot\u00fdk\u00e1 s probl\u00e9my v obou sborech. Jeden z nich s\u00e1m zalo\u017eil (Filipy), druh\u00fd nikdy osobn\u011b nenav\u0161t\u00edvil (Kolosy). Vztahy a kontakty, kter\u00e9 Pavel vybudoval v cel\u00e9 \u201esv\u011btov\u00e9 c\u00edrkvi\u201c t\u00e9 doby, mu umo\u017enily reagovat na vznikl\u00e9 probl\u00e9my dokonce i z \u0159\u00edmsk\u00e9ho v\u011bzen\u00ed. V\u011bd\u011bl, \u017ee se jeho \u010das kr\u00e1t\u00ed. Ud\u011blal tedy v\u0161e, co mohl, aby p\u0159ibl\u00ed\u017eil c\u00edrkev k nebi a z\u00e1rove\u0148 prohloubil vztahy uvnit\u0159 c\u00edrkve. T\u00edm n\u00e1m ukazuje, jak se i dnes m\u016f\u017ee Bo\u017e\u00ed c\u00edrkev sjednotit s nebem. Jen tak m\u016f\u017ee naplnit pov\u011b\u0159en\u00ed pro \u010das konce ze Zjeven\u00ed 14, kter\u00e9 zn\u00e1me jako \u201eposelstv\u00ed t\u0159\u00ed and\u011bl\u016f\u201c.<\/p>\n","protected":false},"excerpt":{"rendered":"<p>V prvn\u00edm \u010dtvrtlet\u00ed nov\u00e9ho roku 2026 budou v\u011b\u0159\u00edc\u00ed ve sborech C\u00edrkve adventist\u016f sedm\u00e9ho dne studovat dv\u011b novoz\u00e1konn\u00ed biblick\u00e9 knihy, a to Pavlovy listy Filipsk\u00fdm a Kolosk\u00fdm. Oba dopisy jsou si v mnoh\u00e9m podobn\u00e9. P\u0159edev\u0161\u00edm zjevuj\u00ed Krista, jedin\u00e9ho, kdo je schopen spojit nebe se zem\u00ed. On je \u201e\u017eeb\u0159\u00edk\u201c, kter\u00fd J\u00e1kob vid\u011bl sahat ze zem\u011b do nebe &hellip; <a href=\"https:\/\/radvanice.casd.cz\/?p=42063\" class=\"more-link\">Pokra\u010dov\u00e1n\u00ed textu <span class=\"screen-reader-text\">Sobotn\u00ed \u0161kola &#8211; 1. \u010dtvrtlet\u00ed 2026<\/span><\/a><\/p>\n","protected":false},"author":2,"featured_media":0,"comment_status":"closed","ping_status":"closed","sticky":false,"template":"","format":"standard","meta":{"_monsterinsights_skip_tracking":false,"_monsterinsights_sitenote_active":false,"_monsterinsights_sitenote_note":"","_monsterinsights_sitenote_category":0,"ngg_post_thumbnail":0,"footnotes":""},"categories":[31],"tags":[],"class_list":["post-42063","post","type-post","status-publish","format-standard","hentry","category-studium-bible"],"_links":{"self":[{"href":"https:\/\/radvanice.casd.cz\/index.php?rest_route=\/wp\/v2\/posts\/42063","targetHints":{"allow":["GET"]}}],"collection":[{"href":"https:\/\/radvanice.casd.cz\/index.php?rest_route=\/wp\/v2\/posts"}],"about":[{"href":"https:\/\/radvanice.casd.cz\/index.php?rest_route=\/wp\/v2\/types\/post"}],"author":[{"embeddable":true,"href":"https:\/\/radvanice.casd.cz\/index.php?rest_route=\/wp\/v2\/users\/2"}],"replies":[{"embeddable":true,"href":"https:\/\/radvanice.casd.cz\/index.php?rest_route=%2Fwp%2Fv2%2Fcomments&post=42063"}],"version-history":[{"count":3,"href":"https:\/\/radvanice.casd.cz\/index.php?rest_route=\/wp\/v2\/posts\/42063\/revisions"}],"predecessor-version":[{"id":42068,"href":"https:\/\/radvanice.casd.cz\/index.php?rest_route=\/wp\/v2\/posts\/42063\/revisions\/42068"}],"wp:attachment":[{"href":"https:\/\/radvanice.casd.cz\/index.php?rest_route=%2Fwp%2Fv2%2Fmedia&parent=42063"}],"wp:term":[{"taxonomy":"category","embeddable":true,"href":"https:\/\/radvanice.casd.cz\/index.php?rest_route=%2Fwp%2Fv2%2Fcategories&post=42063"},{"taxonomy":"post_tag","embeddable":true,"href":"https:\/\/radvanice.casd.cz\/index.php?rest_route=%2Fwp%2Fv2%2Ftags&post=42063"}],"curies":[{"name":"wp","href":"https:\/\/api.w.org\/{rel}","templated":true}]}}