{"id":40898,"date":"2024-04-26T09:38:55","date_gmt":"2024-04-26T07:38:55","guid":{"rendered":"https:\/\/radvanice.casd.cz\/?p=40898"},"modified":"2024-05-07T16:16:45","modified_gmt":"2024-05-07T14:16:45","slug":"pozvanka-na-slavnostni-konferencni-bohosluzbu-cesko-slovenske-unie-8-cervna-2024","status":"publish","type":"post","link":"https:\/\/radvanice.casd.cz\/?p=40898","title":{"rendered":"Pozv\u00e1nka na slavnostn\u00ed konferen\u010dn\u00ed bohoslu\u017ebu \u010cesko-Slovensk\u00e9 unie (8. \u010dervna 2024)"},"content":{"rendered":"<p>Mil\u00e9 sestry, mil\u00ed brat\u0159i, p\u0159\u00e1tel\u00e9,<\/p>\n<p>dovolte mi, abych v\u00e1s pozval na slavnostn\u00ed sobotn\u00ed bohoslu\u017ebu u p\u0159\u00edle\u017eitosti konference \u010cesko- Slovensk\u00e9 unie a konferenc\u00ed \u010cesk\u00e9ho, Moravskoslezsk\u00e9ho a Slovensk\u00e9ho sdru\u017een\u00ed, kter\u00e1 se bude konat <strong>8. \u010dervna v Brn\u011b na V\u00fdstavi\u0161ti (are\u00e1l BVV v pavilonu V) od 10:00 hodin<\/strong>. Hostem bude p\u0159edseda Interevropsk\u00e9 divize C\u00edrkve adventist\u016f sedm\u00e9ho dne Mario Brito, kter\u00fd n\u00e1s v dopoledn\u00ed \u010d\u00e1sti pobo\u017enosti oslov\u00ed Bo\u017e\u00edm slovem. V pr\u016fb\u011bhu bohoslu\u017eby budou p\u0159edstaveny administr\u00e1to\u0159i a v\u00fdbory sdru\u017een\u00ed i unie pro nadch\u00e1zej\u00edc\u00ed obdob\u00ed.<\/p>\n<p>Mottem konferenc\u00ed je Je\u017e\u00ed\u0161\u016fv pozdrav \u201ePokoj v\u00e1m\u201c. V tomto duchu je p\u0159ipraven i odpoledn\u00ed program, kter\u00fd za\u010dne od 14:30. Bude v\u011bnov\u00e1n slu\u017eb\u011b, kter\u00e1 se kon\u00e1 v jednotliv\u00fdch sdru\u017een\u00edch. P\u0159edpokl\u00e1dan\u00e9 ukon\u010den\u00ed bohoslu\u017eby je v 17:00.<\/p>\n<p>Ve\u0161ker\u00e9 d\u016fle\u017eit\u00e9 organiza\u010dn\u00ed a technick\u00e9 informace, v\u010detn\u011b informac\u00ed o doprav\u011b, parkov\u00e1n\u00ed a stravov\u00e1n\u00ed, najdete v p\u0159\u00edloh\u00e1ch a tak\u00e9 zde: <a href=\"https:\/\/www.casd.cz\/konference2024\/\">https:\/\/www.casd.cz\/konference2024\/<\/a>.<\/p>\n<p>Informace ohledn\u011b mo\u017enosti ubytov\u00e1n\u00ed v Brn\u011b budou zasl\u00e1ny pozd\u011bji.<\/p>\n<p>V\u011b\u0159\u00edm, \u017ee pro\u017eijeme \u010das napln\u011bn\u00fd Bo\u017e\u00edm pokojem a p\u0159ijmeme Bo\u017e\u00ed po\u017eehn\u00e1n\u00ed, kter\u00e9 n\u00e1s napln\u00ed radost\u00ed a vd\u011b\u010dnost\u00ed z Bo\u017e\u00ed bl\u00edzkosti a ze vz\u00e1jemn\u00e9ho spole\u010denstv\u00ed.<\/p>\n<p>Za veden\u00ed unie a sdru\u017een\u00ed<br \/>\n<em>Peter \u010c\u00edk<\/em><\/p>\n<p>Video pozv\u00e1nka:<br \/>\n<iframe loading=\"lazy\" width=\"560\" height=\"315\" src=\"https:\/\/www.youtube.com\/embed\/32JXQUrHyGQ?si=8je2GycV4Tv0mNmA\" title=\"YouTube video player\" frameborder=\"0\" allow=\"accelerometer; autoplay; clipboard-write; encrypted-media; gyroscope; picture-in-picture; web-share\" referrerpolicy=\"strict-origin-when-cross-origin\" allowfullscreen><\/iframe><\/p>\n","protected":false},"excerpt":{"rendered":"<p>Mil\u00e9 sestry, mil\u00ed brat\u0159i, p\u0159\u00e1tel\u00e9, dovolte mi, abych v\u00e1s pozval na slavnostn\u00ed sobotn\u00ed bohoslu\u017ebu u p\u0159\u00edle\u017eitosti konference \u010cesko- Slovensk\u00e9 unie a konferenc\u00ed \u010cesk\u00e9ho, Moravskoslezsk\u00e9ho a Slovensk\u00e9ho sdru\u017een\u00ed, kter\u00e1 se bude konat 8. \u010dervna v Brn\u011b na V\u00fdstavi\u0161ti (are\u00e1l BVV v pavilonu V) od 10:00 hodin. Hostem bude p\u0159edseda Interevropsk\u00e9 divize C\u00edrkve adventist\u016f sedm\u00e9ho dne Mario &hellip; <a href=\"https:\/\/radvanice.casd.cz\/?p=40898\" class=\"more-link\">Pokra\u010dov\u00e1n\u00ed textu <span class=\"screen-reader-text\">Pozv\u00e1nka na slavnostn\u00ed konferen\u010dn\u00ed bohoslu\u017ebu \u010cesko-Slovensk\u00e9 unie (8. \u010dervna 2024)<\/span><\/a><\/p>\n","protected":false},"author":2,"featured_media":0,"comment_status":"closed","ping_status":"closed","sticky":false,"template":"","format":"standard","meta":{"_monsterinsights_skip_tracking":false,"_monsterinsights_sitenote_active":false,"_monsterinsights_sitenote_note":"","_monsterinsights_sitenote_category":0,"ngg_post_thumbnail":0,"footnotes":""},"categories":[47],"tags":[],"class_list":["post-40898","post","type-post","status-publish","format-standard","hentry","category-ze-zivota-cirkve"],"_links":{"self":[{"href":"https:\/\/radvanice.casd.cz\/index.php?rest_route=\/wp\/v2\/posts\/40898","targetHints":{"allow":["GET"]}}],"collection":[{"href":"https:\/\/radvanice.casd.cz\/index.php?rest_route=\/wp\/v2\/posts"}],"about":[{"href":"https:\/\/radvanice.casd.cz\/index.php?rest_route=\/wp\/v2\/types\/post"}],"author":[{"embeddable":true,"href":"https:\/\/radvanice.casd.cz\/index.php?rest_route=\/wp\/v2\/users\/2"}],"replies":[{"embeddable":true,"href":"https:\/\/radvanice.casd.cz\/index.php?rest_route=%2Fwp%2Fv2%2Fcomments&post=40898"}],"version-history":[{"count":4,"href":"https:\/\/radvanice.casd.cz\/index.php?rest_route=\/wp\/v2\/posts\/40898\/revisions"}],"predecessor-version":[{"id":40906,"href":"https:\/\/radvanice.casd.cz\/index.php?rest_route=\/wp\/v2\/posts\/40898\/revisions\/40906"}],"wp:attachment":[{"href":"https:\/\/radvanice.casd.cz\/index.php?rest_route=%2Fwp%2Fv2%2Fmedia&parent=40898"}],"wp:term":[{"taxonomy":"category","embeddable":true,"href":"https:\/\/radvanice.casd.cz\/index.php?rest_route=%2Fwp%2Fv2%2Fcategories&post=40898"},{"taxonomy":"post_tag","embeddable":true,"href":"https:\/\/radvanice.casd.cz\/index.php?rest_route=%2Fwp%2Fv2%2Ftags&post=40898"}],"curies":[{"name":"wp","href":"https:\/\/api.w.org\/{rel}","templated":true}]}}