{"id":39077,"date":"2024-01-31T12:19:24","date_gmt":"2024-01-31T11:19:24","guid":{"rendered":"https:\/\/radvanice.casd.cz\/?p=39077"},"modified":"2024-02-29T10:11:23","modified_gmt":"2024-02-29T09:11:23","slug":"modlitebni-tyden-kd-narodni-tyden-manzelstvi-10-17-unora-2024","status":"publish","type":"post","link":"https:\/\/radvanice.casd.cz\/?p=39077","title":{"rendered":"Modlitebn\u00ed t\u00fdden KD (N\u00e1rodn\u00ed t\u00fdden man\u017eelstv\u00ed) \u2013 10. &#8211; 17. \u00fanora 2024"},"content":{"rendered":"<p><a href=\"https:\/\/radvanice.casd.cz\/wp-content\/uploads\/MT-KD-2024.png\"><img loading=\"lazy\" decoding=\"async\" src=\"https:\/\/radvanice.casd.cz\/wp-content\/uploads\/MT-KD-2024-216x300.png\" alt=\"\" width=\"216\" height=\"300\" class=\"alignleft size-medium wp-image-39078\" srcset=\"https:\/\/radvanice.casd.cz\/wp-content\/uploads\/MT-KD-2024-216x300.png 216w, https:\/\/radvanice.casd.cz\/wp-content\/uploads\/MT-KD-2024.png 601w\" sizes=\"auto, (max-width: 216px) 100vw, 216px\" \/><\/a><\/p>\n<p>Od 10. do 17. \u00fanora 2024 prob\u011bhne tradi\u010dn\u00ed T\u00fdden modliteb za k\u0159es\u0165ansk\u00fd domov, kter\u00fd se kryje s <a href=\"https:\/\/www.tydenmanzelstvi.cz\/\">N\u00e1rodn\u00edm t\u00fddnem man\u017eelstv\u00ed<\/a> (od 12. do 18. \u00fanora), kdy si bude i na\u0161e spole\u010dnost p\u0159ipom\u00ednat nezastupiteln\u00fd v\u00fdznam dnes t\u011b\u017ece zkou\u0161en\u00e9 instituce zvan\u00e9 man\u017eelstv\u00ed. Pro leto\u0161n\u00ed rok bylo zvoleno t\u00e9ma \u201e<strong>Ko\u0159eny a k\u0159\u00eddla<\/strong>\u201c.<\/p>\n<p>Odd\u011blen\u00ed adventistick\u00e9 slu\u017eby rodin\u00e1m ve spolupr\u00e1ci s nakladatelstv\u00edm \u201eAdvent\u201c pro \u010dleny sv\u00fdch spole\u010denstv\u00ed, ale nejen pro n\u011b, p\u0159ipravilo \u00fatlou bro\u017euru s n\u00e1zvem <a href=\"https:\/\/www.adventorion.cz\/ke-stazeni\/modlitebni-prednasky-2024\">\u201eBiblick\u00e9 ko\u0159eny a k\u0159\u00eddla l\u00e1sky\u201c<\/a>. Materi\u00e1l, kter\u00fd si m\u016f\u017eete <a href=\"https:\/\/www.adventorion.cz\/ke-stazeni\/zobrazit\/940\">st\u00e1hnou po kliknut\u00ed na tento odkaz<\/a>, obsahuje sedm pastora\u010dn\u011b psychologick\u00fdch p\u0159edn\u00e1\u0161ek, kter\u00e9 letos napsal teolog a man\u017eelsk\u00fd poradce Mgr. Radom\u00edr Jonczy, koordin\u00e1tor slu\u017eby rodin\u00e1m \u010cesko-Slovensk\u00e9 unie CASD. P\u0159edn\u00e1\u0161ky jsou ur\u010deny k p\u0159ed\u010d\u00edt\u00e1n\u00ed a rozhovor\u016fm v man\u017eelsk\u00fdch p\u00e1rech, v rodin\u00e1ch, na setk\u00e1n\u00edch rodin ve sborov\u00fdch spole\u010denstv\u00edch.<\/p>\n<p><!--more--><\/p>\n<p>Bratr Radom\u00edr Jonczy k t\u011bmto p\u0159edn\u00e1\u0161k\u00e1m \u0159\u00edk\u00e1:<br \/>\n<em>&#8222;Jako teolog jsem se nemohl ubr\u00e1nit my\u0161lence, \u017ee Bible je vlastn\u011b pln\u00e1 pas\u00e1\u017e\u00ed, kter\u00e9 se zab\u00fdvaj\u00ed ot\u00e1zkou, jak\u00e9 ko\u0159eny a k\u0159\u00eddla m\u00e1 l\u00e1ska. Rozhodl jsem se tedy napsat sedm p\u0159edn\u00e1\u0161ek, kter\u00e9 vylo\u017e\u00ed n\u011bkolik n\u00e1hodn\u011b vybran\u00fdch perikop. Modl\u00edm se, aby v\u00e1s tyto \u00favahy inspirovaly k rozhovor\u016fm na toto t\u00e9ma v lo\u017enici, u rodinn\u00e9ho stolu nebo na setk\u00e1n\u00edch K\u0159es\u0165ansk\u00e9ho domova ve sboru \u010di jinde. V\u011b\u0159\u00edm, \u017ee n\u00e1m tyto biblick\u00e9 texty pomohou l\u00e9pe pochopit, odkud l\u00e1ska poch\u00e1z\u00ed a co j\u00ed m\u016f\u017ee d\u00e1t k\u0159\u00eddla dnes, v 21. stolet\u00ed.&#8220;<\/em><\/p>\n<p>Ve st\u0159edu ve\u010der 14. \u00fanora v 18:00 ve studiu Hope TV prob\u011bhne \u017eiv\u00e9 vys\u00edl\u00e1n\u00ed kontaktn\u00edho po\u0159adu, ve kter\u00e9m si Radom\u00edr Jonczy bude o man\u017eelstv\u00ed a jeho v\u00fdznamu pov\u00eddat se sv\u00fdm hostem, k\u0159es\u0165ansk\u00fdm psychologem.<\/p>\n","protected":false},"excerpt":{"rendered":"<p>Od 10. do 17. \u00fanora 2024 prob\u011bhne tradi\u010dn\u00ed T\u00fdden modliteb za k\u0159es\u0165ansk\u00fd domov, kter\u00fd se kryje s N\u00e1rodn\u00edm t\u00fddnem man\u017eelstv\u00ed (od 12. do 18. \u00fanora), kdy si bude i na\u0161e spole\u010dnost p\u0159ipom\u00ednat nezastupiteln\u00fd v\u00fdznam dnes t\u011b\u017ece zkou\u0161en\u00e9 instituce zvan\u00e9 man\u017eelstv\u00ed. Pro leto\u0161n\u00ed rok bylo zvoleno t\u00e9ma \u201eKo\u0159eny a k\u0159\u00eddla\u201c. Odd\u011blen\u00ed adventistick\u00e9 slu\u017eby rodin\u00e1m ve spolupr\u00e1ci &hellip; <a href=\"https:\/\/radvanice.casd.cz\/?p=39077\" class=\"more-link\">Pokra\u010dov\u00e1n\u00ed textu <span class=\"screen-reader-text\">Modlitebn\u00ed t\u00fdden KD (N\u00e1rodn\u00ed t\u00fdden man\u017eelstv\u00ed) \u2013 10. &#8211; 17. \u00fanora 2024<\/span><\/a><\/p>\n","protected":false},"author":2,"featured_media":0,"comment_status":"closed","ping_status":"closed","sticky":false,"template":"","format":"standard","meta":{"_monsterinsights_skip_tracking":false,"_monsterinsights_sitenote_active":false,"_monsterinsights_sitenote_note":"","_monsterinsights_sitenote_category":0,"ngg_post_thumbnail":0,"footnotes":""},"categories":[47],"tags":[],"class_list":["post-39077","post","type-post","status-publish","format-standard","hentry","category-ze-zivota-cirkve"],"_links":{"self":[{"href":"https:\/\/radvanice.casd.cz\/index.php?rest_route=\/wp\/v2\/posts\/39077","targetHints":{"allow":["GET"]}}],"collection":[{"href":"https:\/\/radvanice.casd.cz\/index.php?rest_route=\/wp\/v2\/posts"}],"about":[{"href":"https:\/\/radvanice.casd.cz\/index.php?rest_route=\/wp\/v2\/types\/post"}],"author":[{"embeddable":true,"href":"https:\/\/radvanice.casd.cz\/index.php?rest_route=\/wp\/v2\/users\/2"}],"replies":[{"embeddable":true,"href":"https:\/\/radvanice.casd.cz\/index.php?rest_route=%2Fwp%2Fv2%2Fcomments&post=39077"}],"version-history":[{"count":5,"href":"https:\/\/radvanice.casd.cz\/index.php?rest_route=\/wp\/v2\/posts\/39077\/revisions"}],"predecessor-version":[{"id":39116,"href":"https:\/\/radvanice.casd.cz\/index.php?rest_route=\/wp\/v2\/posts\/39077\/revisions\/39116"}],"wp:attachment":[{"href":"https:\/\/radvanice.casd.cz\/index.php?rest_route=%2Fwp%2Fv2%2Fmedia&parent=39077"}],"wp:term":[{"taxonomy":"category","embeddable":true,"href":"https:\/\/radvanice.casd.cz\/index.php?rest_route=%2Fwp%2Fv2%2Fcategories&post=39077"},{"taxonomy":"post_tag","embeddable":true,"href":"https:\/\/radvanice.casd.cz\/index.php?rest_route=%2Fwp%2Fv2%2Ftags&post=39077"}],"curies":[{"name":"wp","href":"https:\/\/api.w.org\/{rel}","templated":true}]}}