{"id":38961,"date":"2023-11-21T13:22:20","date_gmt":"2023-11-21T12:22:20","guid":{"rendered":"https:\/\/radvanice.casd.cz\/?p=38961"},"modified":"2024-01-03T15:28:10","modified_gmt":"2024-01-03T14:28:10","slug":"posledni-rozlouceni-s-bratrem-vladimirem-kohutem-27-listopadu-2023-ve-1400","status":"publish","type":"post","link":"https:\/\/radvanice.casd.cz\/?p=38961","title":{"rendered":"Posledn\u00ed rozlou\u010den\u00ed s bratrem Vladim\u00edrem Koh\u00fatem (27. listopadu 2023)"},"content":{"rendered":"<p><a href=\"https:\/\/radvanice.casd.cz\/wp-content\/uploads\/vladimir_kohut.jpg\"><img loading=\"lazy\" decoding=\"async\" src=\"https:\/\/radvanice.casd.cz\/wp-content\/uploads\/vladimir_kohut-150x150.jpg\" alt=\"\" width=\"150\" height=\"150\" class=\"alignleft size-thumbnail wp-image-38981\" srcset=\"https:\/\/radvanice.casd.cz\/wp-content\/uploads\/vladimir_kohut-150x150.jpg 150w, https:\/\/radvanice.casd.cz\/wp-content\/uploads\/vladimir_kohut-75x75.jpg 75w\" sizes=\"auto, (max-width: 150px) 100vw, 150px\" \/><\/a>P\u0159i za\u010d\u00e1tku sobotn\u00edho odpo\u010dinku, v p\u00e1tek ve\u010der 17. listopadu 2023, byl povol\u00e1n sv\u00fdm milovan\u00fdm P\u00e1nem k do\u010dasn\u00e9mu odpo\u010dinku ve v\u011bku 94 let slu\u017eebn\u00edk evangelia a \u010dlen na\u0161eho sboru <a href=\"https:\/\/radvanice.casd.cz\/wp-content\/uploads\/parte_vladimir_kohut_sbor.jpg\">Vladim\u00edr Koh\u00fat (odkaz na parte)<\/a>. D\u011bkujeme P\u00e1nu Bohu za jeho aktivn\u00ed \u017eivot a ne\u00fanavnou slu\u017ebu. Posledn\u00ed rozlou\u010den\u00ed s bratrem prob\u011bhlo v pond\u011bl\u00ed 27. listopadu v nov\u00e9 Smute\u010dn\u00ed s\u00edni u Centr\u00e1ln\u00edho h\u0159bitova v Hav\u00ed\u0159ov\u011b-\u0160umbarku.<\/p>\n<p><em>&#8222;Zazn\u00ed povel, hlas archand\u011bla a zvuk Bo\u017e\u00ed polnice, s\u00e1m P\u00e1n sestoup\u00ed z nebe, a ti, kdo zem\u0159eli v Kristu, vstanou nejd\u0159\u00edve; potom my \u017eiv\u00ed, kte\u0159\u00ed se toho do\u010dk\u00e1me, budeme spolu s nimi uchv\u00e1ceni v oblac\u00edch vzh\u016fru vst\u0159\u00edc P\u00e1nu. A pak u\u017e nav\u017edy budeme s P\u00e1nem. T\u011bmito slovy se vz\u00e1jemn\u011b pot\u011b\u0161ujte.&#8220; (1Tes 4:16-18)<\/em><\/p>\n<p><i>T\u0159i vzpom\u00ednky ze \u017eivota bratra od jeho dcer<\/i><\/p>\n<p><!--more--><\/p>\n<p><strong><em>Vzpom\u00ednka od dcery Ester<\/em><\/strong><\/p>\n<p>N\u00e1\u0161 tat\u00ednku&#8230;, u\u017e p\u0159ed del\u0161\u00ed dobou utichl tv\u016fj kr\u00e1sn\u00fd a laskav\u00fd hlas a z\u016fstal jen n\u011b\u017en\u00fd pohled tv\u00fdch modr\u00fdch o\u010d\u00ed.<\/p>\n<p>A te\u010f s pokorou a d\u016fv\u011brou tat\u00ednka vkl\u00e1d\u00e1me do rukou jeho D\u00e1rce a Stvo\u0159itele.<\/p>\n<p>Pro n\u00e1s t\u0159i dcery byl nedosa\u017eiteln\u00fdm vzorem mu\u017ee a man\u017eela. Byl to moudr\u00fd mu\u017e, kter\u00fd se neust\u00e1le vzd\u011bl\u00e1val &#8211; ne pro vlastn\u00ed chv\u00e1lu a prosp\u011bch, ale aby mohl l\u00e9pe slou\u017eit lidem ke sl\u00e1v\u011b sv\u00e9ho Stvo\u0159itele a Vykupitele, kter\u00fd s n\u00edm m\u011bl sv\u016fj pl\u00e1n u\u017e od jeho narozen\u00ed. <\/p>\n<p>Bo\u017e\u00ed pl\u00e1n se naplnil i skrze jeho zbo\u017en\u00e9 rodi\u010de. Tat\u00ednek Vladim\u00edr se narodil za dramatick\u00fdch okolnost\u00ed jako prvn\u00ed ze sedmi d\u011bt\u00ed mlad\u00fdm a zbo\u017en\u00fdm rodi\u010d\u016fm evangelick\u00e9ho vyzn\u00e1n\u00ed. Narodil se p\u0159ed\u010dasn\u011b v sedm\u00e9m m\u011bs\u00edci t\u011bhotenstv\u00ed v \u010dasech, kdy se rozhodovalo, jestli bude \u017e\u00edt matka nebo d\u00edt\u011b. Pan doktor byl u\u017e p\u0159ipraven nemluvn\u011b rozst\u0159\u00edhat, aby zachr\u00e1nil alespo\u0148 matku. Mlad\u00ed rodi\u010de se ale z cel\u00e9ho srdce za d\u00edt\u011b modlili a sl\u00edbili Bohu, \u017ee pokud d\u00edt\u011b nezem\u0159e odevzdaj\u00ed ho cele P\u00e1nu Bohu tak, jak Anna v \u0160\u00edlu odevzdala Samuela. D\u011b\u0165\u00e1tko se narodilo malink\u00e9 a slabou\u010dk\u00e9 ve studen\u00e9m \u0159\u00edjnu a tak jej rodi\u010de zah\u0159\u00edvali n\u011bkolik t\u00fddn\u016f ve spor\u00e1ku v troub\u011b, v bed\u00fdnce vystlan\u00e9 vatou.<\/p>\n<p>Na sv\u016fj slib Bohu rodi\u010de nezapomn\u011bli a kdy\u017e m\u011bl Vladim\u00edr 17 let, nastoupil na Biblick\u00fd semin\u00e1\u0159, kter\u00fd v roce 1950 dokon\u010dil. Zapo\u010dal pr\u00e1ci biblick\u00e9ho pracovn\u00edka a pozd\u011bji byl vysv\u011bcen jako kazatel C\u00edrkve adventist\u016f sedm\u00e9ho dne.<\/p>\n<p>Tat\u00ednek m\u00e1 je\u0161t\u011b dva velice miluj\u00edc\u00ed bratry. Dal\u0161\u00edch 5 sourozenc\u016f ale zem\u0159elo u\u017e v d\u011btsk\u00e9m v\u011bku.   <\/p>\n<p>V dob\u011b z\u00e1kazu c\u00edrkve musel jako &#8222;politicky nespolehliv\u00e1 osoba&#8220; odslou\u017eit t\u0159i roky vojensk\u00e9 slu\u017eby u PTP (pomocn\u00fdch technick\u00fdch prapor\u016f). V t\u00e9 dob\u011b jeho \u017eena Libu\u0161ka z\u016fst\u00e1vala doma sama se t\u0159emi dcerami &#8211; Esterkou, Idkou a Hankou. Bylo to pro oba n\u00e1ro\u010dn\u00e9 obdob\u00ed.<\/p>\n<p>Po n\u00e1vratu z PTP nemohl ofici\u00e1ln\u011b nastoupit do d\u00edla, a tak v t\u011bchto \u010dasech vyu\u017eil toho, \u017ee jako mlad\u00ed\u010dek vystudoval v u\u010den\u00ed obor &#8222;Jemn\u00fd mechanik&#8220;. Pracoval v centr\u00e1ln\u00edm skladu n\u00e1bytku jako vedouc\u00ed i s v\u00edce \u010dleny Banskobystrick\u00e9ho sboru. Pozd\u011bji jako oprav\u00e1\u0159 vah a v\u00e1\u017en\u00fdch za\u0159\u00edzen\u00ed po cel\u00e9m Slovensku. Pracoval tak\u00e9 jako \u0159idi\u010d a oprav\u00e1\u0159 ledni\u010dek a chlad\u00edc\u00edch za\u0159\u00edzen\u00ed v r\u016fzn\u00fdch provozech po cel\u00e9m Slovensku.<\/p>\n<p>St\u00e1tn\u00ed souhlas dostal a\u017e v roce 1963, kdy op\u011bt mohl nastoupit jako kazatel C\u00edrkve adventist\u016f sedm\u00e9ho dne.<\/p>\n<p>Prvn\u00ed sbory byly V\u00fdchodn\u00e1, Liptovsk\u00fd Mikul\u00e1\u0161, Martin a Pribylina. Proto\u017ee to byla rozs\u00e1hl\u00e1 oblast, tak tat\u00ednek oby\u010dejn\u011b p\u0159ed polednem ode\u0161el z domu a zp\u00e1tky se vracel a\u017e posledn\u00edm no\u010dn\u00edm vlakem.<\/p>\n<p>Dodnes s l\u00e1skou na tyto m\u00edsta a lidi vzpom\u00edn\u00e1me. R\u00e1da vzpom\u00edn\u00e1m na na\u0161e podhorsk\u00e9 v\u00fdlety se \u010dleny sboru.<\/p>\n<p>\u0158eknu v\u00e1m jednu ze vzpom\u00ednek, kter\u00e1 v\u00e1m dnes asi p\u0159ijde legra\u010dn\u00ed. Sed\u011bli jsme v sobotu odpoledne na Podb\u00e1nsk\u00fdch louk\u00e1ch a vypr\u00e1v\u011bly se zku\u0161enosti a kdo co pro\u017eil. Mn\u011b bylo tak 12, 13 let a jak jsme si hr\u00e1li se sestrami i s t\u00e1tou, rozcuchaly jsme mu jeho vlnit\u00e9 blond vlasy. V tom n\u00e1s star\u00fd bratr Kostka tak zpra\u017eil, \u017ee co si to dovolujeme k Bo\u017e\u00edmu slu\u017eebn\u00edku tak neslu\u0161n\u011b se chovat a rozcuchat mu vlasy.<\/p>\n<p>Po p\u00e1r letech byl p\u0159elo\u017een do sbor\u016f Ko\u0161ice (sbor v\u011bt\u0161inou mluv\u00edc\u00ed ma\u010farsky), Popro\u010d a Marku\u0161ka s p\u0159ilehl\u00fdmi skupinkami a s kolem sta \u010dleny roztrou\u0161en\u00fdmi po velk\u00e9m \u00fazem\u00ed v\u00fdchodn\u00edho Slovenska.<\/p>\n<p>Pozd\u011bji slou\u017eil ve sborech Tren\u010d\u00edn, Dvorec-Sliezska Osada a Drietom\u00e1 s p\u0159ilehl\u00fdmi skupinkami.<\/p>\n<p>P\u0159i ka\u017ed\u00e9m takov\u00e9m st\u011bhov\u00e1n\u00ed musel v\u017edy na n\u011bjak\u00fd \u010das z\u016fstat bez rodiny. Jako rodina jsme se za n\u00edm st\u011bhovali v\u017edy a\u017e po n\u011bjak\u00e9m \u010dase, a\u017e se na\u0161lo m\u00edsto k bydlen\u00ed.<\/p>\n<p>Jeho posledn\u00edm sv\u011b\u0159en\u00fdm sborem byla Bratislava a jej\u00ed okol\u00ed.<\/p>\n<p>Od roku 1980 na zbytek aktivn\u00edho \u017eivota se pak s maminkou odst\u011bhovali do Prahy, kde slou\u017eil jako tajemn\u00edk c\u00edrkve. Znamenalo to tak\u00e9 obj\u00ed\u017ed\u011bn\u00ed v\u0161ech sbor\u016f po cel\u00e9m, tehdy je\u0161t\u011b, \u201e\u010ceskoslovensku\u201c. V t\u00e9 dob\u011b si vyslou\u017eil p\u0159ezd\u00edvku \u201epomalu l\u00e9taj\u00edc\u00edho \u0159idi\u010de\u201c.<br \/>\nV roce 1980, ve sv\u00fdch 50ti letech, byl je\u0161t\u011b vysl\u00e1n na p\u016flro\u010dn\u00ed st\u00e1\u017e na Newbold College.<\/p>\n<p>Tat\u00ednek byl aktivn\u00edm \u010dinovn\u00edkem. V dob\u011b, kdy vznikal nov\u00fd zp\u011bvn\u00edk &#8222;Zp\u00edvejme Hospodinu&#8220; byl \u010dlenem zp\u011bvn\u00edkov\u00e9 komise, kde m\u011bl mimo jin\u00e9 na starosti slovensk\u00e9 texty. Pracoval tak\u00e9 na p\u0159ekladech slovensk\u00fdch \u00fakol\u016f sobotn\u00ed \u0161koly.<\/p>\n<p>Jeho posledn\u00edm &#8222;domovsk\u00fdm&#8220; sborem v d\u016fchodu byl sbor Ostrava-Radvanice, kde tak\u00e9 slou\u017eil Slovem, dokud mu to zdrav\u00ed dovolilo. Slou\u017eil i v okoln\u00edch sborech a sna\u017eil se i ve sv\u00e9m d\u016fchodu \u0161\u00ed\u0159it Bo\u017e\u00ed evangelium a zp\u0159\u00edstup\u0148ovat zaj\u00edmav\u00e9 materi\u00e1ly, o nich\u017e byl p\u0159esv\u011bd\u010den, \u017ee jsou inspiruj\u00edc\u00ed.<\/p>\n<p>V ka\u017ed\u00e9m m\u00edst\u011b, kde byl pov\u011b\u0159en kazatelskou slu\u017ebou, p\u016fsobila i jeho milovan\u00e1 man\u017eelka Libu\u0161ka. Nereptala, kdy\u017e museli bydlet v provizorn\u00edch ubytov\u00e1n\u00edch u ciz\u00edch lid\u00ed, ve sklepn\u00edch m\u00edstnostech, v bytech bez koupelny, nebo i s potkany. Byla opravdu sv\u00e9mu man\u017eelovi v ka\u017ed\u00e9 situaci velkou oporou a ve sborech tak\u00e9 velkou pomoc\u00ed a pro mnoh\u00e9 i pot\u011bchou. O tom, jak byli spolu spjati hovo\u0159\u00ed i to, \u017ee zem\u0159eli s rozd\u00edlem pouh\u00fdch dvou m\u011bs\u00edc\u016f.<\/p>\n<p>N\u00e1s dcery tat\u00ednek miloval a podle \u010dasov\u00e9ho prostoru i vychov\u00e1val. M\u00e1lo kdy s\u00e1hl k n\u011bjak\u00e9mu, by\u0165 m\u00edrn\u00e9mu, fyzick\u00e9mu trestu, ale kdy\u017e se t\u0159eba po jeden\u00e1ct\u00e9 hodin\u011b ve\u010der vr\u00e1til dom\u016f a uvid\u011bl ne\u0161\u0165astnou maminku, proto\u017ee jsme si op\u011bt neuklidili pr\u00e1deln\u00edk se v\u0161\u00edm na\u0161\u00edm oble\u010den\u00edm, sta\u010dili 3 pohyby, &#8222;\u0161\u00e1hl&#8220; do pr\u00e1deln\u00edku a ud\u011blal v\u0161em t\u0159em stejn\u00fd po\u0159\u00e1dek najednou a n\u00e1m hodinovou pr\u00e1ci s \u00faklidem.<\/p>\n<p>Ale jeho nejp\u0159\u00edsn\u011bj\u0161\u00edm trestem pro n\u00e1s bylo, kdy\u017e si n\u00e1s kv\u016fli n\u011bjak\u00e9mu proh\u0159e\u0161ku postupn\u011b bral na kobere\u010dek do pracovny na, jak jsme \u0159\u00edkaly, \u201chodinov\u00e9 k\u00e1z\u00e1n\u00ed\u201c a cht\u011bl vysv\u011btlen\u00ed, pro\u010d jsme n\u011bco ud\u011blali, jak\u00fd byl z toho u\u017eitek a co dobr\u00e9ho to p\u0159ineslo. Kon\u010dilo to na\u0161\u00edm kaj\u00edcn\u00fdm p\u0159izn\u00e1n\u00edm a tat\u00ednkovou modlitbou. Dob\u0159e si pamatuji, \u017ee pak minim\u00e1ln\u011b p\u016fl roku i rok jsme se o \u017e\u00e1dnou lump\u00e1rnu nepokusili.<\/p>\n<p>Promlouv\u00e1n\u00ed jeho klidn\u00fdm hlasem a promlouv\u00e1n\u00ed s P\u00edsma v n\u00e1s zanechalo dojem na cel\u00fd \u017eivot. Ale na\u0161e \u017eivoty a \u017eivotn\u00ed rozhodnut\u00ed t\u00e1hl nejv\u00edce sv\u00fdm p\u0159\u00edkladem. R\u00e1di vzpom\u00edn\u00e1me\u2026 <\/p>\n<p>Tat\u00ednek s l\u00e1skou p\u0159ijal sv\u00e9 zet\u011b a jako d\u011bde\u010dek velmi miloval sv\u00fdch 7 vnou\u010dat i jejich partnery a t\u011b\u0161il se z postupn\u011b p\u0159ib\u00fdvaj\u00edc\u00edch 19ti pravnou\u010dat.<\/p>\n<p>Je n\u00e1m nesm\u00edrn\u011b l\u00edto, \u017ee ji\u017e ode\u0161el. Te\u010f u\u017e \u010dek\u00e1 na sv\u00e9ho Vysvoboditele a Spasitele. Z\u00e1rove\u0148 se ale t\u011b\u0161\u00edme na setk\u00e1n\u00ed s n\u00edm i s maminkou v lep\u0161\u00edch \u010dasech a lep\u0161\u00edch m\u00edstech kde se nebudeme muset v\u00edce lou\u010dit.<\/p>\n<p>Tat\u00ednku, d\u011bkuji ti za n\u00e1s v\u0161echny. Byl jsi na\u0161\u00ed st\u0159elkou v kompasu k na\u0161emu P\u00c1NU a na\u0161\u00edm milovan\u00fdm pr\u016fvodcem \u017eivotem a tak\u00e9 velk\u00fdm modlitebn\u00edkem za n\u00e1s i za v\u0161echny kter\u00e9 jsi nesl ve sv\u00e9m srdci.<\/p>\n<p><strong><em>Vzpom\u00ednka od dcery Idy<\/em><\/strong><\/p>\n<p>V\u017edy sme spolu hovorili po slovensky. C\u00edtim sa teraz neisto a m\u00e1m strach, ako ke\u010f sme spolu liezli po skal\u00e1ch. Zachr\u00e1nil si ma, ke\u010f som sa topila v rozvodnenom V\u00e1hu. Teraz tu ticho le\u017e\u00ed\u0161. Zomrel si v mojom n\u00e1ru\u010d\u00ed a ja som ti u\u017e nedok\u00e1zala viac pom\u00f4c\u0165. Budem nav\u017edy s l\u00e1skou na teba spom\u00edna\u0165 a st\u00e1le mi bude znie\u0165 tvoj hlas v pies\u0148ach, ktor\u00e9 si tak r\u00e1d spieval, a vo vete, ke\u010f si mi hovoril: &#8222;Ty si moje slnie\u010dko.&#8220; Ver\u00edm, \u017ee sa raz stretneme u n\u00e1\u0161ho Boha a Nebesk\u00e9ho Otca.<\/p>\n<p><strong><em>Vzpom\u00edna od nejmlad\u0161\u00ed dcery Hany<\/em><\/strong><\/p>\n<p>Dovolte mi zavzpom\u00ednat na chv\u00edle s tat\u00ednkem, jak si na n\u011b pamatuji. R\u00e1da bych se tedy s v\u00e1mi pod\u011blila o p\u00e1r kr\u00e1tk\u00fdch z\u00e1\u017eitk\u016f, radosti i adrenalinu.<\/p>\n<p>Kdy\u017e jsme bydleli na Liptov\u011b, jednoho ned\u011bln\u00edho dne jsme podnikli jeden ze spole\u010dn\u00fdch v\u00fdlet\u016f do Vysok\u00fdch Tater. Rozd\u011blili jsme se na dv\u011b skupiny. Jedna skupina se rozhodla vyj\u00edt na Kriv\u00e1\u0148, zat\u00edmco druh\u00e1 na ni \u010dekala u jez\u00edrka na druh\u00e9 stran\u011b. Byl jasn\u00fd, tepl\u00fd slune\u010dn\u00ed den. Z vrcholku Kriv\u00e1n\u011b byl n\u00e1dhern\u00fd v\u00fdhled, a dokonce jsme d\u00edky dalekohledu vid\u011bli i na\u0161\u00ed druhou skupinku, kter\u00e1 na n\u00e1s \u010dekala. Kdy\u017e nastal \u010das sestupu, n\u00e1\u0161 tat\u00ednek se rozhodl, \u017ee si zkr\u00e1t\u00ed cestu a \u017ee se vyd\u00e1 co nejkrat\u0161\u00ed cestou k t\u00e9 druh\u00e9 skupince. Samoz\u0159ejm\u011b se zeptal, zda s n\u00edm chce n\u011bkdo j\u00edt, ale nikdo se k tomu nem\u011bl. No a j\u00e1 jako v\u011brn\u00e1 spolucestovatelka tat\u00edka (chodila jsem \u010dastokr\u00e1t s tat\u00ednkem na r\u016fzn\u00e9 akce, Biblick\u00e9 hodiny, apod.) jsem ho prost\u011b nemohla nechat j\u00edt samotn\u00e9ho. &#8222;Ja p\u00f4jdem s tebou,&#8220; \u0159ekla jsem. A tak jsme se rozd\u011blili, a tady p\u0159\u00edb\u011bh za\u010d\u00edn\u00e1. Celkem n\u00e1m to \u0161lo kr\u00e1sn\u011b, jen jsme museli trochu v\u00edce sk\u00e1kat z velk\u00fdch skal na ty ni\u017e\u0161\u00ed. Potom jsme objevili ve skal\u00e1ch skoby, na\u010de\u017e tat\u00ednek \u0159ekl: &#8222;Hanka, mysl\u00edm, \u017ee sme na ceste pre horolezcov.&#8220; Pokra\u010dovali jsme ale d\u00e1l, a\u017e jsme do\u0161li na konec &#8222;cesty&#8220;. Mezi m\u00edstem, kde jsme st\u00e1li a skaln\u00ed plochu, kterou jsme mohli pokra\u010dovat v cest\u011b dol\u016f, zela dosti \u0161irok\u00e1 a tak\u00e9 hlubok\u00e1 roklina. Zp\u00e1tky to bez lana ne\u0161lo a lano jsme nem\u011bli. Bezradn\u011b jsme hled\u011bli a uva\u017eovali, co d\u00e1l. N\u00e1\u0161 tat\u00ednek se rozhodl, \u017ee tu roklinu mus\u00edme p\u0159ekonat skokem. &#8222;Tat\u00edk, tat\u00edk, tat\u00ednek, to ja nikdy nepresko\u010d\u00edm!&#8220;, rozplakala jsem se. Bylo mi kolem dev\u00edti, deseti let. A co n\u00e1\u0161 tat\u00ednek ud\u011blal? Vzal batoh, p\u0159ehodil ho p\u0159es roklinu na plo\u0161inu a bez v\u00e1h\u00e1n\u00ed, bez varov\u00e1n\u00ed sko\u010dil i on. V\u0161e dob\u0159e dopadlo, \u017e\u00e1dn\u00e1 zran\u011bn\u00ed, ale za\u010dalo prosen\u00ed: &#8222;Hanka, Hani\u010dka, sko\u010d, ja \u0165a tu budem chyta\u0165. Neboj sa, ver mi.&#8220; Dnes u\u017e v\u00e1m ne\u0159eknu, jak dlouho m\u011b tat\u00ednek p\u0159emlouval, ale nakonec jsem se rozhodla, \u017ee zav\u0159u o\u010di a sko\u010dila jsem. Tat\u00ednek m\u011b skute\u010dn\u011b chytil. Z\u00e1v\u011bre\u010dn\u00e1 \u010d\u00e1st cesty byla prudk\u00e1 str\u00e1\u0148 s mal\u00fdmi kameny a \u0161t\u011brkem, a tak jsme museli uh\u00e1n\u011bt, aby n\u00e1s to nezasypalo.<br \/>\nTa dole \u010dekaj\u00edc\u00ed mal\u00e1 skupinka mezit\u00edm p\u0159es dalekohled obdivovala dva &#8222;horolezce&#8220;, kdy\u017e najednou n\u011bkdo zvolal (to u\u017e v\u00edm jen z vypr\u00e1v\u011bn\u00ed): &#8222;To nie s\u00fa horolezci, to je Vlado s Hankou&#8220;. Nevim co v t\u00e9 chv\u00edlli prob\u011bhlo hlavou m\u00e9 maminky, kter\u00e1 byla mezi tou \u010dekaj\u00edc\u00ed skupinkou&#8230;<\/p>\n<p>Dal\u0161\u00ed vzpom\u00ednka se v\u00e1\u017ee k okam\u017eiku, kdy se n\u00e1\u0161 tat\u00ednek poprv\u00e9 v \u017eivot\u011b postavil na prkno windsurfingu. Okam\u017eit\u011b si to za\u010dal uh\u00e1n\u011bt po jeze\u0159e od b\u0159ehu d\u00e1l a d\u00e1l, a kdy\u017e si uv\u011bdomil, \u017ee u\u017e je daleko od b\u0159ehu, cht\u011bl to oto\u010dit a &#8230; v t\u00e9 chv\u00edli skon\u010dil ve vod\u011b. Plachta ho p\u0159ikryla a v\u0161ichni \u010dekali, co bude d\u00e1l. Nic se ale ned\u011blo. A\u017e po chv\u00edli maminka zvolala: &#8222;Ale Vlado neum\u00ed plavat!&#8220; A to se pak d\u011bly v\u011bci &#8211; v\u0161ichni plavci, tak jak byli, i v oble\u010den\u00ed, sko\u010dili do vody. Kdy\u017e pak n\u011bkolik kazatel\u016f doplavalo a\u017e k prknu, kter\u00e9 se do t\u00e9 doby ani nehnulo a nadzvedli plachtu, setkali se se spokojenou usm\u011bvavou tv\u00e1\u0159\u00ed na\u0161eho tat\u00ednka, kter\u00fd se dr\u017eel jednou rukou prkna a druhou si nadzved\u00e1val plachtu, aby mohl d\u00fdchat. A \u0159ekl jim asi tohle: &#8222;Ja som vedel, \u017ee ma tu nenech\u00e1te&#8220;, a v\u00edt\u011bzoslavn\u011b, sed\u00edc na prkn\u011b, kter\u00e9 poh\u00e1n\u011blo n\u011bkolik zdatn\u00fdch plavc\u016f, se dostal na b\u0159eh.<\/p>\n<p>Mohla bych tady je\u0161t\u011b dlouho st\u00e1t a vypr\u00e1v\u011bt dal\u0161\u00ed nap\u00ednav\u00e9 p\u0159\u00edb\u011bhy. Nap\u0159\u00edklad, jak tat\u00ednek b\u011b\u017eel za rozj\u00ed\u017ed\u011bj\u00edc\u00edm se vlakem, kdy\u017e si myslel, \u017ee vlak teprve p\u0159ij\u00ed\u017ed\u00ed, a kdy\u017e to zjistil pot\u00e9, co jsem na n\u011bj volala z vlaku: &#8222;Oci, ty nejde\u0161 so mnou?&#8220;, tak jak se rozb\u011bhl a chytil se dve\u0159\u00ed vlaku, kter\u00fd u\u017e nab\u00edral rychlost. P\u00e1n B\u016fh mu poslal and\u011bly v podob\u011b dvou mlad\u00fdch kluk\u016f, kte\u0159\u00ed to sledovali, otev\u0159eli dve\u0159e a vt\u00e1hli ho dovnit\u0159. J\u00e1 jsem se na to mohla z okna vlaku pouze d\u00edvat a d\u011bkovat Bohu za z\u00e1chranu.<\/p>\n<p>Pamatuji si, jak mi jednou tat\u00ednek v pozdn\u00edm ve\u010deru po n\u00e1vratu dom\u016f z n\u00e1v\u0161t\u011bv vypr\u00e1v\u011bl \u010derstvou zku\u0161enost, kdy ho za volantem p\u0159emohla \u00fanava. Cesta byla z kopce a kon\u010dila T\u00e9\u010dkem se stopkou. Tat\u00ednek zareagoval pozd\u011b. Nebylo mo\u017en\u00e9 aby ubrzdil a bylo skoro jist\u00e9, \u017ee skon\u010d\u00ed n\u011bkde pod svahem. \u0160l\u00e1pl jen rychle na brzdu a vyslovil vte\u0159inovou modlitbu k Bohu. \u0158ekl mi pak: &#8222;Dnes ma zachr\u00e1nila Bo\u017eia ruka. Auto sa nielen \u017ee zastavilo v\u010das, ale dokonca sa posunulo do zadu a ja som mohol oto\u010di\u0165 volantom do \u013eava a pokra\u010dova\u0165 v ceste.&#8220;<\/p>\n<p>R\u00e1da vzpom\u00edn\u00e1m, jak n\u00e1s tat\u00ednek svol\u00e1val k ve\u010dern\u00ed pobo\u017enosti na za\u010d\u00e1tek soboty s p\u00edsn\u00ed &#8222;Jak ti\u0161e ve\u010der p\u0159ich\u00e1z\u00ed&#8220;, kterou m\u011bl moc r\u00e1d. Kdy\u017e jsme byli ve\u010der v p\u0159\u00edrod\u011b u oh\u00fdnku, tak zazn\u00edvala jako prvn\u00ed p\u00edse\u0148, kterou za\u010dal tat\u00ednek zp\u00edvat a my se k n\u011bmu p\u0159id\u00e1valy.<\/p>\n<p>Nikdy nezapomenu, kdy\u017e jsem k n\u011bmu p\u0159i\u0161la a sd\u00edlela s n\u00edm svou velkou bolest. Tat\u00ednek m\u011b v tichosti vyslechl, pohladil m\u011b, a pak jsme spolu poklekli a modlili se. Na druh\u00fd den mi pak p\u0159inesl kr\u00e1snou orchidej.<\/p>\n<p>Ur\u010dit\u011b si mnoz\u00ed pamatujete tat\u00ednka za kazatelnou. P\u0159ed t\u00edm, ne\u017e se za kazatelnu postavil, p\u0159edch\u00e1zely tomu chv\u00edle jeho osobn\u00edch modliteb na kolenou. Modlil se nejenom za man\u017eelku a d\u011bti, ale i za sborovou rodinu a za pomoc s p\u0159\u00edpravou Slova, kter\u00fdm cht\u011bl povzbudit i v\u00e1s. Prosil nebesk\u00e9ho Otce, aby to nebyla jeho slova, ale aby promlouval skrze n\u011bj P\u00e1n B\u016fh.<\/p>\n<p>Kdy\u017e byl tat\u00ednek povol\u00e1n k\u00e1zat evangelium, v\u011bd\u011bl, \u017ee se st\u00e1v\u00e1 past\u00fd\u0159em, Bo\u017e\u00edm spolupracovn\u00edkem, a cht\u011bl vykon\u00e1vat povinnosti v\u016f\u010di sv\u00fdm ove\u010dk\u00e1m s l\u00e1skou a v moc\u00ed Ducha Svat\u00e9ho. St\u00e1l si za t\u00edm, zv\u011bstovat Bo\u017e\u00ed poselstv\u00ed, kter\u00e9 nezn\u00e1 hn\u011bv ani nen\u00e1vist. Hl\u00eddat sv\u00e9 st\u00e1de\u010dko a zah\u00e1n\u011bt svat\u00fdm ohn\u011bm ka\u017ed\u00fd chlad. J\u00edt k padl\u00fdm, zvednout je a dov\u00e9st k Je\u017e\u00ed\u0161i. V\u017edy\u0165 past\u00fd\u0159 m\u00e1 bd\u00edt nad \u0161t\u011bst\u00edm sv\u00fdch ove\u010dek, vn\u00edmat zda n\u011bkter\u00e1 nen\u00ed unaven\u00e1 nebo zran\u011bn\u00e1, zda m\u00e1 pokrm a \u010derstvou vodu z Bo\u017e\u00edho pramene. Tat\u00ednek miloval sv\u00e9 st\u00e1de\u010dko a nebyl pouze dobr\u00fdm kazatelem v sobotu, ale ob\u011btav\u00fdm past\u00fd\u0159em na ka\u017ed\u00fd den. N\u011bkolikr\u00e1t odlo\u017eil svou pomyslnou past\u00fd\u0159skou h\u016fl a vym\u011bnil ji za stavebn\u00ed nebo truhl\u00e1\u0159sk\u00e9 n\u00e1\u0159ad\u00ed, aby naplnil i praktick\u00e9 pot\u0159eby sv\u00e9ho st\u00e1de\u010dka p\u0159i stavb\u011b a rekonstrukc\u00edch modliteben. Pracoval s nad\u0161en\u00edm, p\u0159esv\u011bd\u010den\u00edm a z\u00e1palem. Byl \u010dlenem zp\u011bvn\u00edkov\u00e9 komise, kde m\u011bl mimo jin\u00e9 na starosti slovensk\u00e9 texty. Pracoval tak\u00e9 na p\u0159ekladech slovensk\u00fdch sobotn\u00edch \u00fakolk\u016f a jin\u00fdch anglicky psan\u00fdch materi\u00e1l\u016f.<\/p>\n<p>Byl bd\u011bl\u00fdm a ostra\u017eit\u00fdm past\u00fd\u0159em. Konal v\u0161e s l\u00e1skou. Pracoval v duchu biblick\u00e9ho textu zapsan\u00e9m v 1. Petrov\u011b listu 5:2.3:<br \/>\n<em>&#8222;Starejte se jako past\u00fd\u0159i o Bo\u017e\u00ed st\u00e1dce u v\u00e1s, ne z donucen\u00ed, ale dobrovoln\u011b, jak to B\u016fh \u017e\u00e1d\u00e1, ne z n\u00edzk\u00e9 zi\u0161tnosti, ale s horlivou ochotou, ne jako p\u00e1ni nad t\u011bmi, kdo jsou v\u00e1m sv\u011b\u0159eni, ale bu\u010fte jim p\u0159\u00edkladem.&#8220;<\/em><br \/>\nTat\u00ednek byl pokorn\u00fdm a v\u011brn\u00fdm slu\u017eebn\u00edkem.<\/p>\n<p><a href=\"https:\/\/radvanice.casd.cz\/wp-content\/uploads\/dohromady_bd.png\"><img loading=\"lazy\" decoding=\"async\" src=\"https:\/\/radvanice.casd.cz\/wp-content\/uploads\/dohromady_bd.png\" alt=\"\" width=\"710\" height=\"417\" class=\"aligncenter size-full wp-image-38982\" srcset=\"https:\/\/radvanice.casd.cz\/wp-content\/uploads\/dohromady_bd.png 710w, https:\/\/radvanice.casd.cz\/wp-content\/uploads\/dohromady_bd-300x176.png 300w, https:\/\/radvanice.casd.cz\/wp-content\/uploads\/dohromady_bd-624x366.png 624w\" sizes=\"auto, (max-width: 710px) 100vw, 710px\" \/><\/a><\/p>\n<p><strong>Nejobl\u00edben\u011bj\u0161i p\u00edsn\u00ed bratra Vladim\u00edra Koh\u00fata byla p\u00edse\u0148 o slavn\u00e9 nad\u011bji ve vzk\u0159\u00ed\u015ben\u00ed, kterou m\u00e1me se zm\u011bn\u011bn\u00fdm textem, ale st\u00e1le stejn\u00fdm v\u00fdznamem v na\u0161ich zp\u011bvn\u00edc\u00edch pod \u010d\u00edslem 395. M\u016f\u017ee b\u00fdt povzbuzen\u00edm i pro mnoh\u00e9 z n\u00e1s:<\/strong><\/p>\n<p>1.<br \/>\nViem, \u017ee raz struna strieborn\u00e1,<br \/>\npraskne a s \u0148ou m\u00f4j spev doznie,<br \/>\nno ne\u013eak\u00e1m sa, lebo P\u00e1n<br \/>\ndal mi vz\u00e1cne zas\u013eubenie.<\/p>\n<p>Ref:<br \/>\nRaz jeho tv\u00e1r ja uvid\u00edm,<br \/>\ntu ve\u013ek\u00fa milos\u0165 pochop\u00edm,<br \/>\nz \u00fast zaznie v\u010faky, chv\u00e1ly hlas,<br \/>\n\u017ee z milosti P\u00e1n spasil n\u00e1s.<\/p>\n<p>2.<br \/>\nViem, raz m\u00f4j zemsk\u00fd padne stan,<br \/>\nkedy v\u0161ak nie je zn\u00e1me mi.<br \/>\nViem len, \u017ee P\u00e1n mi je v\u0161etk\u00fdm,<br \/>\na chyst\u00e1 stan mi na nebi.<\/p>\n<p>3.<br \/>\nViem, \u017ee sa P\u00e1n na zem vr\u00e1ti,<br \/>\na\u017e v nebi miesto priprav\u00ed,<br \/>\nby vzal si v\u0161etk\u00fdch vern\u00fdch tam,<br \/>\nk Otcovi do ve\u010dnej sl\u00e1vy.<\/p>\n<p><strong>B\u00e1se\u0148 od V\u011bry Gajdo\u0161\u00edkov\u00e9:<\/strong><\/p>\n<p>Moji mil\u00ed\u2026<br \/>\nP\u0159ed p\u00e1r dny jste se lou\u010dili &#8211;<br \/>\node\u0161la maminka\u2026<br \/>\nV tom toku \u010dasu ub\u011bhla<br \/>\nsnad pouh\u00e1 chvilinka &#8211;<br \/>\na vy se znovu lou\u010d\u00edte,<br \/>\ns tat\u00ednkem tentokr\u00e1t\u2026<br \/>\nA p\u0159esto n\u00e1m nic nezb\u00fdv\u00e1 &#8211;<br \/>\nne\u017e Bohu d\u011bkovat\u2026<br \/>\nD\u011bkovat za to, \u017ee tu byl &#8211;<br \/>\n\u017ee v\u00e1m byl p\u0159\u00edkladem &#8211;<br \/>\n\u017ee s\u00edlu k pr\u00e1ci pro druh\u00e9<br \/>\nnach\u00e1zel v Bohu sv\u00e9m &#8211;<br \/>\n\u017ee v\u00e1s v\u0161echny tak miloval &#8211;<br \/>\n\u017ee k Bohu vedl v\u00e1s\u2026<br \/>\nTe\u010f s l\u00e1skou sm\u00edte vzpom\u00ednat<br \/>\nna s n\u00edm pro\u017eit\u00fd \u010das\u2026<br \/>\nPosledn\u00edch p\u00e1r let \u017eivota<br \/>\nnebylo lehk\u00fdch \u2013 v\u00edte\u2026<br \/>\nA mo\u017en\u00e1, \u017ee a\u017e u P\u00e1na<br \/>\nv\u0161echna \u201epro\u010d\u201c pochop\u00edte\u2026<br \/>\nOn vezme v\u00e1s do n\u00e1ru\u010de &#8211;<br \/>\nrodi\u010de i d\u011bti\u2026<br \/>\nZa to i dnes vrouc\u00ed d\u00edk<br \/>\nvzh\u016fru k Bohu let\u00ed\u2026<\/p>\n<p>Pod <a href=\"https:\/\/radvanice.casd.cz\/?page_id=2805\">t\u00edmto odkazem<\/a> najdete <strong>namluven\u00e9 p\u0159edn\u00e1\u0161ky a n\u011bkter\u00e1 k\u00e1z\u00e1n\u00ed bratra Em\u00edlio Knechtleho, kter\u00e9 p\u0159elo\u017eil a namluvil bratr Vladim\u00edr Koh\u00fat<\/strong>.<\/p>\n<p><strong>Odkazy na n\u011bkter\u00e9 (do \u010de\u0161tiny p\u0159elo\u017een\u00e9) texty z namluven\u00fdch p\u0159edn\u00e1\u0161ek bratra Em\u00edlio Knechtleho:<\/strong><\/p>\n<li><a href=\"https:\/\/radvanice.casd.cz\/?p=3005\">Em\u00edlio Knechtle: Je\u017e\u00ed\u0161 za volantem<\/a><\/li>\n<li><a href=\"https:\/\/radvanice.casd.cz\/?p=3007\">Em\u00edlio Knechtle: B\u016fh tou\u017e\u00ed po na\u0161\u00ed l\u00e1sce a \u010dek\u00e1 na n\u00e1s<\/a><\/li>\n<li><a href=\"https:\/\/radvanice.casd.cz\/?p=3010\">Em\u00edlio Knechtle: Toto je Bo\u017e\u00ed L\u00e1ska<\/a><\/li>\n<li><a href=\"https:\/\/radvanice.casd.cz\/?p=3012\">Em\u00edlio Knechtle: Nezahr\u00e1vejte si s Bo\u017e\u00ed milost\u00ed<\/a><\/li>\n<li><a href=\"https:\/\/radvanice.casd.cz\/?p=3014\">Em\u00edlio Knechtle: B\u016fh je ten, kdo n\u00e1s dr\u017e\u00ed<\/a><\/li>\n<li><a href=\"https:\/\/radvanice.casd.cz\/?p=3016\">Em\u00edlio Knechtle: D\u00edvej se na P\u00e1na Je\u017e\u00ed\u0161e<\/a><\/li>\n<li><a href=\"https:\/\/radvanice.casd.cz\/?p=2914\">Em\u00edlio Knechtle: \u010c\u00edm se denn\u011b p\u0159ipravuji na p\u0159\u00edchod m\u00e9ho P\u00e1na?<\/a><\/li>\n","protected":false},"excerpt":{"rendered":"<p>P\u0159i za\u010d\u00e1tku sobotn\u00edho odpo\u010dinku, v p\u00e1tek ve\u010der 17. listopadu 2023, byl povol\u00e1n sv\u00fdm milovan\u00fdm P\u00e1nem k do\u010dasn\u00e9mu odpo\u010dinku ve v\u011bku 94 let slu\u017eebn\u00edk evangelia a \u010dlen na\u0161eho sboru Vladim\u00edr Koh\u00fat (odkaz na parte). D\u011bkujeme P\u00e1nu Bohu za jeho aktivn\u00ed \u017eivot a ne\u00fanavnou slu\u017ebu. Posledn\u00ed rozlou\u010den\u00ed s bratrem prob\u011bhlo v pond\u011bl\u00ed 27. listopadu v nov\u00e9 Smute\u010dn\u00ed &hellip; <a href=\"https:\/\/radvanice.casd.cz\/?p=38961\" class=\"more-link\">Pokra\u010dov\u00e1n\u00ed textu <span class=\"screen-reader-text\">Posledn\u00ed rozlou\u010den\u00ed s bratrem Vladim\u00edrem Koh\u00fatem (27. listopadu 2023)<\/span><\/a><\/p>\n","protected":false},"author":2,"featured_media":0,"comment_status":"closed","ping_status":"open","sticky":false,"template":"","format":"standard","meta":{"_monsterinsights_skip_tracking":false,"_monsterinsights_sitenote_active":false,"_monsterinsights_sitenote_note":"","_monsterinsights_sitenote_category":0,"ngg_post_thumbnail":0,"footnotes":""},"categories":[47,19],"tags":[],"class_list":["post-38961","post","type-post","status-publish","format-standard","hentry","category-ze-zivota-cirkve","category-ze-zivota-sboru"],"_links":{"self":[{"href":"https:\/\/radvanice.casd.cz\/index.php?rest_route=\/wp\/v2\/posts\/38961","targetHints":{"allow":["GET"]}}],"collection":[{"href":"https:\/\/radvanice.casd.cz\/index.php?rest_route=\/wp\/v2\/posts"}],"about":[{"href":"https:\/\/radvanice.casd.cz\/index.php?rest_route=\/wp\/v2\/types\/post"}],"author":[{"embeddable":true,"href":"https:\/\/radvanice.casd.cz\/index.php?rest_route=\/wp\/v2\/users\/2"}],"replies":[{"embeddable":true,"href":"https:\/\/radvanice.casd.cz\/index.php?rest_route=%2Fwp%2Fv2%2Fcomments&post=38961"}],"version-history":[{"count":5,"href":"https:\/\/radvanice.casd.cz\/index.php?rest_route=\/wp\/v2\/posts\/38961\/revisions"}],"predecessor-version":[{"id":38980,"href":"https:\/\/radvanice.casd.cz\/index.php?rest_route=\/wp\/v2\/posts\/38961\/revisions\/38980"}],"wp:attachment":[{"href":"https:\/\/radvanice.casd.cz\/index.php?rest_route=%2Fwp%2Fv2%2Fmedia&parent=38961"}],"wp:term":[{"taxonomy":"category","embeddable":true,"href":"https:\/\/radvanice.casd.cz\/index.php?rest_route=%2Fwp%2Fv2%2Fcategories&post=38961"},{"taxonomy":"post_tag","embeddable":true,"href":"https:\/\/radvanice.casd.cz\/index.php?rest_route=%2Fwp%2Fv2%2Ftags&post=38961"}],"curies":[{"name":"wp","href":"https:\/\/api.w.org\/{rel}","templated":true}]}}