{"id":38940,"date":"2023-11-11T12:00:16","date_gmt":"2023-11-11T11:00:16","guid":{"rendered":"https:\/\/radvanice.casd.cz\/?p=38940"},"modified":"2023-11-21T13:22:52","modified_gmt":"2023-11-21T12:22:52","slug":"koncert-evensong-vecerni-pisne-sourozencu-lehockych-18-11-2023-od-1700","status":"publish","type":"post","link":"https:\/\/radvanice.casd.cz\/?p=38940","title":{"rendered":"Koncert \u201eEvensong \u2026Ve\u010dern\u00ed p\u00edsn\u011b\u201c (18. 11. 2023 od 17:00)"},"content":{"rendered":"<p>P\u0159ij\u010fte pro\u017e\u00edt p\u0159\u00edjemn\u00fd ve\u010dern\u00ed \u010das 18. listopadu 2023 do na\u0161\u00ed modlitebny s koncertem \u201eEvensong \u2026Ve\u010dern\u00ed p\u00edsn\u011b\u201c sourozenc\u016f Lehock\u00fdch a p\u0159\u00e1tel, kter\u00fd za\u010d\u00edn\u00e1 v 17:00.<\/p>\n<p><!--more--><\/p>\n<p><a href=\"https:\/\/radvanice.casd.cz\/wp-content\/uploads\/koncert_evensong_2023.jpg\"><img loading=\"lazy\" decoding=\"async\" src=\"https:\/\/radvanice.casd.cz\/wp-content\/uploads\/koncert_evensong_2023-721x1024.jpg\" alt=\"\" width=\"625\" height=\"888\" class=\"aligncenter size-large wp-image-38948\" srcset=\"https:\/\/radvanice.casd.cz\/wp-content\/uploads\/koncert_evensong_2023-721x1024.jpg 721w, https:\/\/radvanice.casd.cz\/wp-content\/uploads\/koncert_evensong_2023-211x300.jpg 211w, https:\/\/radvanice.casd.cz\/wp-content\/uploads\/koncert_evensong_2023-624x886.jpg 624w, https:\/\/radvanice.casd.cz\/wp-content\/uploads\/koncert_evensong_2023.jpg 759w\" sizes=\"auto, (max-width: 625px) 100vw, 625px\" \/><\/a><\/p>\n<p><em>&#8222;Kone\u010dn\u00fdm c\u00edlem a d\u016fvodem ve\u0161ker\u00e9 hudby nen\u00ed nic jin\u00e9ho ne\u017e oslava Boha a osv\u011b\u017een\u00ed du\u0161e.&#8220;<br \/>\nJohann Sebastian Bach<\/em><\/p>\n<p><iframe loading=\"lazy\" width=\"560\" height=\"315\" src=\"https:\/\/www.youtube.com\/embed\/0p4-4vyX4AY?si=oqLP2KajnZAZwSKJ\" title=\"YouTube video player\" frameborder=\"0\" allow=\"accelerometer; autoplay; clipboard-write; encrypted-media; gyroscope; picture-in-picture; web-share\" allowfullscreen><\/iframe><\/p>\n","protected":false},"excerpt":{"rendered":"<p>P\u0159ij\u010fte pro\u017e\u00edt p\u0159\u00edjemn\u00fd ve\u010dern\u00ed \u010das 18. listopadu 2023 do na\u0161\u00ed modlitebny s koncertem \u201eEvensong \u2026Ve\u010dern\u00ed p\u00edsn\u011b\u201c sourozenc\u016f Lehock\u00fdch a p\u0159\u00e1tel, kter\u00fd za\u010d\u00edn\u00e1 v 17:00.<\/p>\n","protected":false},"author":2,"featured_media":0,"comment_status":"closed","ping_status":"open","sticky":false,"template":"","format":"standard","meta":{"_monsterinsights_skip_tracking":false,"_monsterinsights_sitenote_active":false,"_monsterinsights_sitenote_note":"","_monsterinsights_sitenote_category":0,"ngg_post_thumbnail":0,"footnotes":""},"categories":[18],"tags":[],"class_list":["post-38940","post","type-post","status-publish","format-standard","hentry","category-pozvanky"],"_links":{"self":[{"href":"https:\/\/radvanice.casd.cz\/index.php?rest_route=\/wp\/v2\/posts\/38940","targetHints":{"allow":["GET"]}}],"collection":[{"href":"https:\/\/radvanice.casd.cz\/index.php?rest_route=\/wp\/v2\/posts"}],"about":[{"href":"https:\/\/radvanice.casd.cz\/index.php?rest_route=\/wp\/v2\/types\/post"}],"author":[{"embeddable":true,"href":"https:\/\/radvanice.casd.cz\/index.php?rest_route=\/wp\/v2\/users\/2"}],"replies":[{"embeddable":true,"href":"https:\/\/radvanice.casd.cz\/index.php?rest_route=%2Fwp%2Fv2%2Fcomments&post=38940"}],"version-history":[{"count":5,"href":"https:\/\/radvanice.casd.cz\/index.php?rest_route=\/wp\/v2\/posts\/38940\/revisions"}],"predecessor-version":[{"id":38964,"href":"https:\/\/radvanice.casd.cz\/index.php?rest_route=\/wp\/v2\/posts\/38940\/revisions\/38964"}],"wp:attachment":[{"href":"https:\/\/radvanice.casd.cz\/index.php?rest_route=%2Fwp%2Fv2%2Fmedia&parent=38940"}],"wp:term":[{"taxonomy":"category","embeddable":true,"href":"https:\/\/radvanice.casd.cz\/index.php?rest_route=%2Fwp%2Fv2%2Fcategories&post=38940"},{"taxonomy":"post_tag","embeddable":true,"href":"https:\/\/radvanice.casd.cz\/index.php?rest_route=%2Fwp%2Fv2%2Ftags&post=38940"}],"curies":[{"name":"wp","href":"https:\/\/api.w.org\/{rel}","templated":true}]}}