{"id":38899,"date":"2023-11-02T20:00:18","date_gmt":"2023-11-02T19:00:18","guid":{"rendered":"https:\/\/radvanice.casd.cz\/?p=38899"},"modified":"2023-11-04T14:33:45","modified_gmt":"2023-11-04T13:33:45","slug":"modlitebni-tyden-2023-v-radvanicich","status":"publish","type":"post","link":"https:\/\/radvanice.casd.cz\/?p=38899","title":{"rendered":"Modlitebn\u00ed t\u00fdden 2023"},"content":{"rendered":"<p>Mil\u00e9 sestry a brat\u0159i, p\u0159\u00e1tel\u00e9 na\u0161eho sboru.<\/p>\n<p>Od soboty 4. listopadu do 11. listopadu m\u00e1me p\u0159\u00edle\u017eitost spole\u010dn\u011b pro\u017e\u00edt na modlitb\u00e1ch v r\u00e1mci Modlitebn\u00edho t\u00fddne. M\u016f\u017eeme \u010d\u00edst zaj\u00edmavou p\u0159edn\u00e1\u0161ku s n\u00e1zvem \u201e<strong>B\u00fdt jeho sv\u011bdkem<\/strong>\u201c, ale hlavn\u011b se modlitebn\u011b podporovat, povzbuzovat a sd\u00edlet.<\/p>\n<p>N\u00e1\u0161 sbor se mimo sobotn\u00ed bohoslu\u017eby bude setk\u00e1vat:<\/p>\n<ul>\n<li>v ned\u011bli 5. 11. od 18:00 na\u017eivo ve sboru na R\u00e1\u010dkov\u011b 4<\/li>\n<li>v pond\u011bl\u00ed 6. 11. od 18:00 online na linku: <a href=\"https:\/\/meet.google.com\/ays-dcxs-wyd\">https:\/\/meet.google.com\/ays-dcxs-wyd<\/a><\/li>\n<li>ve st\u0159edu 8. 11. od 18:00 online na linku: <a href=\"https:\/\/meet.google.com\/ays-dcxs-wyd\">https:\/\/meet.google.com\/ays-dcxs-wyd<\/a><\/li>\n<li>v p\u00e1tek 10. 11. od 18:00 na\u017eivo ve sboru na R\u00e1\u010dkov\u011b 4<\/li>\n<\/ul>\n<p>\u00datern\u00ed a \u010dtvrte\u010dn\u00ed ve\u010dery doporu\u010duji str\u00e1vit na modlitb\u00e1ch v rodinn\u00e9m kruhu, nebo s p\u0159\u00e1teli.<\/p>\n<p>Modlitebn\u00ed t\u00fdden je mo\u017enost\u00ed b\u00fdt si bl\u00ed\u017e spolu, s na\u0161\u00edm Bohem a pro\u017e\u00edt moc modlitby!<br \/>\nT\u011b\u0161\u00edme na spole\u010dn\u00e1 setk\u00e1n\u00ed. Ka\u017ed\u00fd je srde\u010dn\u011b zv\u00e1n!<\/p>\n<p>S p\u0159\u00e1n\u00edm Bo\u017e\u00edho veden\u00ed a Jeho pokoje v na\u0161ich srdc\u00edch zdrav\u00ed<br \/>\n<em>Dan Ka\u0161l\u00edk, kazatel sboru<\/em><\/p>\n<p><strong>P\u0159edn\u00e1\u0161ky modlitebn\u00edho t\u00fddne najdete v elektronick\u00e9 verzi <a href=\"https:\/\/www.adventorion.cz\/ke-stazeni\/zobrazit\/919\">pod t\u00edmto odkazem<\/a>.<\/strong><\/p>\n<p><!--more--><\/p>\n<p>Autorkou p\u0159edn\u00e1\u0161ek je <strong>Sarah Gane Burton<\/strong>, nez\u00e1visl\u00e1 badatelka a spisovatelkou na voln\u00e9 noze z Berrien Springs v Michiganu ve Spojen\u00fdch st\u00e1tech, kde \u017eije se sv\u00fdm man\u017eelem a dv\u011bma d\u011btmi. R\u00e1da cestuje, \u010dte, p\u00ed\u0161e poezii a chod\u00ed na proch\u00e1zky se svou rodinou. Jej\u00edm p\u0159edm\u011btem z\u00e1jmu jsou kultura a d\u011bjiny Star\u00e9ho z\u00e1kona, p\u0159edev\u0161\u00edm ka\u017edodenn\u00ed \u017eivot lid\u00ed ve starov\u011bku. Zab\u00fdv\u00e1 se t\u00edm, jak n\u00e1m tyto informace mohou pomoci l\u00e9pe porozum\u011bt biblick\u00e9mu poselstv\u00ed. M\u00e1 velmi r\u00e1da biblick\u00e9 p\u0159\u00edb\u011bhy, obdivuje jejich hloubku a schopnost p\u0159ibl\u00ed\u017eit n\u00e1m principy nap\u0159\u00ed\u010d \u010dasem a kulturami. Jej\u00ed velkou touhou je \u017e\u00edt podle t\u011bchto princip\u016f ve sv\u00e9m vlastn\u00edm \u017eivot\u011b \u2013 \u201ezachov\u00e1vat pr\u00e1vo, milovat milosrdenstv\u00ed a pokorn\u011b chodit se sv\u00fdm Bohem\u201c.<\/p>\n<p><strong>Ted N. C. Wilson<\/strong>, p\u0159edseda Gener\u00e1ln\u00ed konference C\u00edrkve adventist\u016f sedm\u00e9ho dne, zd\u016fraz\u0148uje:<\/p>\n<p>Mal\u00e1 skupina u\u010dedn\u00edk\u016f shrom\u00e1\u017ed\u011bn\u00e1 v Jeruzal\u00e9m\u011b dychtiv\u011b o\u010dek\u00e1v\u00e1 na Je\u017e\u00ed\u0161ova posledn\u00ed slova p\u0159ed jeho nanebevstoupen\u00edm. Doslova mu vis\u00ed na rtech a poslouchaj\u00ed, jak jim d\u00e1v\u00e1 konkr\u00e9tn\u00ed rady, co by m\u011bli d\u011blat pro p\u0159ijet\u00ed daru Ducha svat\u00e9ho. Objasnil jim, \u017ee nep\u0159i\u0161el zalo\u017eit pozemsk\u00e9 kr\u00e1lovstv\u00ed, ale \u017ee by m\u011bli jako jeho n\u00e1sledovn\u00edci hr\u00e1t d\u016fle\u017eitou roli p\u0159i p\u0159\u00edprav\u011b lid\u00ed na jin\u00e9 kr\u00e1lovstv\u00ed \u2013 nebesk\u00e9. \u0158ekl: \u201eDostanete s\u00edlu Ducha svat\u00e9ho, kter\u00fd na v\u00e1s sestoup\u00ed, a budete mi sv\u011bdky v Jeruzal\u00e9m\u011b a v cel\u00e9m Judsku, Sama\u0159sku a a\u017e na s\u00e1m konec zem\u011b\u201c (Sk 1,8). Tito u\u010dedn\u00edci, p\u0159ipraven\u00ed samotn\u00fdm Je\u017e\u00ed\u0161em, byli povol\u00e1ni, aby o n\u011bm vyd\u00e1vali sv\u011bdectv\u00ed a aby vedli lidi k p\u0159ijet\u00ed poselstv\u00ed o spasen\u00ed.<\/p>\n<p>B\u016fh st\u00e1le k lidem promlouv\u00e1 skrze sv\u00e9 Slovo a st\u00e1le lidi vol\u00e1. Hled\u00e1 ty, kte\u0159\u00ed tou\u017e\u00ed po jeho prom\u011b\u0148uj\u00edc\u00ed l\u00e1sce, kte\u0159\u00ed se p\u0159ed n\u00edm cht\u011bj\u00ed poko\u0159it a hledaj\u00ed ho v modlitb\u011b. Vol\u00e1 ty, kte\u0159\u00ed jdou v Je\u017e\u00ed\u0161ov\u00fdch stop\u00e1ch a kte\u0159\u00ed projevuj\u00ed d\u016fstojnost a \u00factu v\u0161em lidem. Tou\u017e\u00ed m\u00edt lidi ochotn\u00e9 sd\u00edlet n\u011bkdy nepopul\u00e1rn\u00ed varov\u00e1n\u00ed obsa\u017een\u00e9 v poselstv\u00ed t\u0159\u00ed and\u011bl\u016f a ty, kte\u0159\u00ed se p\u0159ipravuj\u00ed na napln\u011bn\u00ed Bo\u017e\u00ed milost\u00ed a svobodou.<\/p>\n<p>Na n\u00e1sleduj\u00edc\u00edch str\u00e1nk\u00e1ch budeme \u010d\u00edst p\u0159\u00edb\u011bhy biblick\u00fdch postav, kter\u00e9 se staly mocn\u00fdmi sv\u011bdky Je\u017e\u00ed\u0161e Krista v r\u016fzn\u00fdch situac\u00edch. Sv\u011bdectv\u00ed o Kristu vyd\u00e1vali: Josef, kter\u00fd sv\u011bd\u010dil navzdory osobn\u00edm boj\u016fm, mlad\u00e1 d\u00edvka, kter\u00e1 sv\u011bd\u010dila sv\u00e9mu p\u00e1novi v ciz\u00ed zemi, Daniel, kter\u00fd sv\u011bd\u010dil mocn\u00fdm pozemsk\u00fdm vl\u00e1dc\u016fm, a dal\u0161\u00ed, kte\u0159\u00ed zv\u011bstovali Krista sv\u00e9mu okol\u00ed.<\/p>\n<p>Je n\u00e1m \u0159e\u010deno: \u201eKristova slova vysloven\u00e1 t\u011bsn\u011b p\u0159ed jeho nanebevstoupen\u00edm znamenaj\u00ed mnoho pro ka\u017ed\u00e9ho, kdo p\u0159ijal pravdu o Je\u017e\u00ed\u0161i. \u2026 V\u0161ichni Kristovi n\u00e1sledovn\u00edci maj\u00ed b\u00fdt jeho sv\u011bdky. Ka\u017ed\u00fd, kdo p\u0159ijme vz\u00e1cn\u00fd poklad pravdy, se o n\u011bj m\u00e1 rozd\u011blit s druh\u00fdmi.\u201c (Ellen G. Whiteov\u00e1, Review and Herald, 9. \u00fanora 1892)<\/p>\n<p>Cht\u011bli byste se st\u00e1t sv\u011bdky Je\u017e\u00ed\u0161e Krista? Vyz\u00fdv\u00e1m v\u00e1s, abyste si b\u011bhem tohoto modlitebn\u00edho t\u00fddne na\u0161li chvilku a zeptali se P\u00e1na, co byste m\u011bli d\u011blat, abyste jako v\u011brn\u00ed k\u0159es\u0165an\u00e9 sd\u00edleli jeho l\u00e1sku s ostatn\u00edmi.<\/p>\n","protected":false},"excerpt":{"rendered":"<p>Mil\u00e9 sestry a brat\u0159i, p\u0159\u00e1tel\u00e9 na\u0161eho sboru. Od soboty 4. listopadu do 11. listopadu m\u00e1me p\u0159\u00edle\u017eitost spole\u010dn\u011b pro\u017e\u00edt na modlitb\u00e1ch v r\u00e1mci Modlitebn\u00edho t\u00fddne. M\u016f\u017eeme \u010d\u00edst zaj\u00edmavou p\u0159edn\u00e1\u0161ku s n\u00e1zvem \u201eB\u00fdt jeho sv\u011bdkem\u201c, ale hlavn\u011b se modlitebn\u011b podporovat, povzbuzovat a sd\u00edlet. N\u00e1\u0161 sbor se mimo sobotn\u00ed bohoslu\u017eby bude setk\u00e1vat: v ned\u011bli 5. 11. od 18:00 &hellip; <a href=\"https:\/\/radvanice.casd.cz\/?p=38899\" class=\"more-link\">Pokra\u010dov\u00e1n\u00ed textu <span class=\"screen-reader-text\">Modlitebn\u00ed t\u00fdden 2023<\/span><\/a><\/p>\n","protected":false},"author":2,"featured_media":0,"comment_status":"closed","ping_status":"open","sticky":false,"template":"","format":"standard","meta":{"_monsterinsights_skip_tracking":false,"_monsterinsights_sitenote_active":false,"_monsterinsights_sitenote_note":"","_monsterinsights_sitenote_category":0,"ngg_post_thumbnail":0,"footnotes":""},"categories":[47,19],"tags":[],"class_list":["post-38899","post","type-post","status-publish","format-standard","hentry","category-ze-zivota-cirkve","category-ze-zivota-sboru"],"_links":{"self":[{"href":"https:\/\/radvanice.casd.cz\/index.php?rest_route=\/wp\/v2\/posts\/38899","targetHints":{"allow":["GET"]}}],"collection":[{"href":"https:\/\/radvanice.casd.cz\/index.php?rest_route=\/wp\/v2\/posts"}],"about":[{"href":"https:\/\/radvanice.casd.cz\/index.php?rest_route=\/wp\/v2\/types\/post"}],"author":[{"embeddable":true,"href":"https:\/\/radvanice.casd.cz\/index.php?rest_route=\/wp\/v2\/users\/2"}],"replies":[{"embeddable":true,"href":"https:\/\/radvanice.casd.cz\/index.php?rest_route=%2Fwp%2Fv2%2Fcomments&post=38899"}],"version-history":[{"count":5,"href":"https:\/\/radvanice.casd.cz\/index.php?rest_route=\/wp\/v2\/posts\/38899\/revisions"}],"predecessor-version":[{"id":38910,"href":"https:\/\/radvanice.casd.cz\/index.php?rest_route=\/wp\/v2\/posts\/38899\/revisions\/38910"}],"wp:attachment":[{"href":"https:\/\/radvanice.casd.cz\/index.php?rest_route=%2Fwp%2Fv2%2Fmedia&parent=38899"}],"wp:term":[{"taxonomy":"category","embeddable":true,"href":"https:\/\/radvanice.casd.cz\/index.php?rest_route=%2Fwp%2Fv2%2Fcategories&post=38899"},{"taxonomy":"post_tag","embeddable":true,"href":"https:\/\/radvanice.casd.cz\/index.php?rest_route=%2Fwp%2Fv2%2Ftags&post=38899"}],"curies":[{"name":"wp","href":"https:\/\/api.w.org\/{rel}","templated":true}]}}