{"id":38810,"date":"2023-09-19T18:05:30","date_gmt":"2023-09-19T16:05:30","guid":{"rendered":"https:\/\/radvanice.casd.cz\/?p=38810"},"modified":"2023-10-12T08:27:48","modified_gmt":"2023-10-12T06:27:48","slug":"pozvanka-na-bohosluzbu-v-sobotu-23-zari","status":"publish","type":"post","link":"https:\/\/radvanice.casd.cz\/?p=38810","title":{"rendered":"Pozv\u00e1nka na bohoslu\u017ebu v sobotu 23. z\u00e1\u0159\u00ed"},"content":{"rendered":"<p>V sobotu 23. 9. bude m\u00edt v na\u0161em sboru zamy\u0161len\u00ed br. Petr H\u0159ib mlad\u0161\u00ed m\u00edsto bratra Ludv\u00edka \u0160vih\u00e1lka, kter\u00fd je nemocen. Bratr Petr H\u0159ib ml. nyn\u00ed slou\u017e\u00ed jako dobrovoln\u00fd nemocni\u010dn\u00ed kaplan na odd\u011blen\u00ed onkologie a zve v\u0161echny i va\u0161e p\u0159\u00e1tele k zamy\u0161len\u00ed s t\u00e9matem &#8222;Jak t\u011b\u017ek\u00e9 je p\u0159ijmout Je\u017e\u00ed\u017ee Krista?&#8220;. T\u00e9ma je v\u00edce aktu\u00e1ln\u00ed a inspirac\u00ed zvl\u00e1\u0161t\u011b pro ty, kte\u0159\u00ed p\u0159em\u00fd\u0161l\u00ed o Bohu a st\u00e1le se rozhoduj\u00ed. Toto t\u00e9ma ale m\u016f\u017ee b\u00fdt povzbuzen\u00edm tak\u00e9 pro ty, kte\u0159\u00ed jsou sou\u010d\u00e1st\u00ed v\u011b\u0159\u00edc\u00edho spole\u010denstv\u00ed ji\u017e dlouhodob\u011b a t\u0159eba touto zku\u0161enost\u00ed mohou b\u00fdt inspirov\u00e1ni, jak m\u016f\u017eeme b\u00fdt skrze s\u00edlu a moudrost Ducha Svat\u00e9ho t\u011bmi, kte\u0159\u00ed p\u0159in\u00e1\u0161\u00ed Krista.<\/p>\n<p><!--more--><\/p>\n<p><a href=\"https:\/\/radvanice.casd.cz\/wp-content\/uploads\/Pozvanka_PetrHribMl-scaled.jpg\"><img loading=\"lazy\" decoding=\"async\" src=\"https:\/\/radvanice.casd.cz\/wp-content\/uploads\/Pozvanka_PetrHribMl-720x1024.jpg\" alt=\"\" width=\"625\" height=\"889\" class=\"aligncenter size-large wp-image-38812\" srcset=\"https:\/\/radvanice.casd.cz\/wp-content\/uploads\/Pozvanka_PetrHribMl-720x1024.jpg 720w, https:\/\/radvanice.casd.cz\/wp-content\/uploads\/Pozvanka_PetrHribMl-211x300.jpg 211w, https:\/\/radvanice.casd.cz\/wp-content\/uploads\/Pozvanka_PetrHribMl-768x1092.jpg 768w, https:\/\/radvanice.casd.cz\/wp-content\/uploads\/Pozvanka_PetrHribMl-1081x1536.jpg 1081w, https:\/\/radvanice.casd.cz\/wp-content\/uploads\/Pozvanka_PetrHribMl-1441x2048.jpg 1441w, https:\/\/radvanice.casd.cz\/wp-content\/uploads\/Pozvanka_PetrHribMl-624x887.jpg 624w, https:\/\/radvanice.casd.cz\/wp-content\/uploads\/Pozvanka_PetrHribMl-scaled.jpg 1801w\" sizes=\"auto, (max-width: 625px) 100vw, 625px\" \/><\/a><\/p>\n<p>Z\u00e1znam ze zamy\u0161len\u00ed bratra Petra H\u0159iba si m\u016f\u017eete pustit <a href=\"https:\/\/radvanice.casd.cz\/?wpfc_sermon=kazani-petra-hriba-ml-z-23-zari-2023\">pod t\u00edmto odkazem<\/a>.<\/p>\n","protected":false},"excerpt":{"rendered":"<p>V sobotu 23. 9. bude m\u00edt v na\u0161em sboru zamy\u0161len\u00ed br. Petr H\u0159ib mlad\u0161\u00ed m\u00edsto bratra Ludv\u00edka \u0160vih\u00e1lka, kter\u00fd je nemocen. Bratr Petr H\u0159ib ml. nyn\u00ed slou\u017e\u00ed jako dobrovoln\u00fd nemocni\u010dn\u00ed kaplan na odd\u011blen\u00ed onkologie a zve v\u0161echny i va\u0161e p\u0159\u00e1tele k zamy\u0161len\u00ed s t\u00e9matem &#8222;Jak t\u011b\u017ek\u00e9 je p\u0159ijmout Je\u017e\u00ed\u017ee Krista?&#8220;. T\u00e9ma je v\u00edce aktu\u00e1ln\u00ed a &hellip; <a href=\"https:\/\/radvanice.casd.cz\/?p=38810\" class=\"more-link\">Pokra\u010dov\u00e1n\u00ed textu <span class=\"screen-reader-text\">Pozv\u00e1nka na bohoslu\u017ebu v sobotu 23. z\u00e1\u0159\u00ed<\/span><\/a><\/p>\n","protected":false},"author":2,"featured_media":0,"comment_status":"closed","ping_status":"open","sticky":false,"template":"","format":"standard","meta":{"_monsterinsights_skip_tracking":false,"_monsterinsights_sitenote_active":false,"_monsterinsights_sitenote_note":"","_monsterinsights_sitenote_category":0,"ngg_post_thumbnail":0,"footnotes":""},"categories":[18],"tags":[],"class_list":["post-38810","post","type-post","status-publish","format-standard","hentry","category-pozvanky"],"_links":{"self":[{"href":"https:\/\/radvanice.casd.cz\/index.php?rest_route=\/wp\/v2\/posts\/38810","targetHints":{"allow":["GET"]}}],"collection":[{"href":"https:\/\/radvanice.casd.cz\/index.php?rest_route=\/wp\/v2\/posts"}],"about":[{"href":"https:\/\/radvanice.casd.cz\/index.php?rest_route=\/wp\/v2\/types\/post"}],"author":[{"embeddable":true,"href":"https:\/\/radvanice.casd.cz\/index.php?rest_route=\/wp\/v2\/users\/2"}],"replies":[{"embeddable":true,"href":"https:\/\/radvanice.casd.cz\/index.php?rest_route=%2Fwp%2Fv2%2Fcomments&post=38810"}],"version-history":[{"count":5,"href":"https:\/\/radvanice.casd.cz\/index.php?rest_route=\/wp\/v2\/posts\/38810\/revisions"}],"predecessor-version":[{"id":38880,"href":"https:\/\/radvanice.casd.cz\/index.php?rest_route=\/wp\/v2\/posts\/38810\/revisions\/38880"}],"wp:attachment":[{"href":"https:\/\/radvanice.casd.cz\/index.php?rest_route=%2Fwp%2Fv2%2Fmedia&parent=38810"}],"wp:term":[{"taxonomy":"category","embeddable":true,"href":"https:\/\/radvanice.casd.cz\/index.php?rest_route=%2Fwp%2Fv2%2Fcategories&post=38810"},{"taxonomy":"post_tag","embeddable":true,"href":"https:\/\/radvanice.casd.cz\/index.php?rest_route=%2Fwp%2Fv2%2Ftags&post=38810"}],"curies":[{"name":"wp","href":"https:\/\/api.w.org\/{rel}","templated":true}]}}