{"id":38802,"date":"2023-09-18T21:05:05","date_gmt":"2023-09-18T19:05:05","guid":{"rendered":"https:\/\/radvanice.casd.cz\/?p=38802"},"modified":"2023-10-29T21:33:16","modified_gmt":"2023-10-29T20:33:16","slug":"posledni-rozlouceni-se-sestrou-libusi-kohutovou-21-zari-2023-v-1600","status":"publish","type":"post","link":"https:\/\/radvanice.casd.cz\/?p=38802","title":{"rendered":"Posledn\u00ed rozlou\u010den\u00ed se sestrou Libu\u0161\u00ed Koh\u00fatovou (21. z\u00e1\u0159\u00ed 2023)"},"content":{"rendered":"<p><a href=\"https:\/\/radvanice.casd.cz\/wp-content\/uploads\/libuse_kohutova.jpg\"><img loading=\"lazy\" decoding=\"async\" src=\"https:\/\/radvanice.casd.cz\/wp-content\/uploads\/libuse_kohutova-150x150.jpg\" alt=\"\" width=\"150\" height=\"150\" class=\"alignleft size-thumbnail wp-image-38888\" srcset=\"https:\/\/radvanice.casd.cz\/wp-content\/uploads\/libuse_kohutova-150x150.jpg 150w, https:\/\/radvanice.casd.cz\/wp-content\/uploads\/libuse_kohutova-75x75.jpg 75w\" sizes=\"auto, (max-width: 150px) 100vw, 150px\" \/><\/a>V sobotu 16. z\u00e1\u0159\u00ed 2023 ve v\u011bku 97 let byla sv\u00fdm Bohem povol\u00e1na k do\u010dasn\u00e9mu odpo\u010dinku na\u0161e sestra v Kristu <a href=\"https:\/\/radvanice.casd.cz\/wp-content\/uploads\/parte_libuse_kohutova.pdf\">Libu\u0161e Koh\u00fatov\u00e1<\/a>. Posledn\u00ed rozlou\u010den\u00ed se sestrou prob\u011bhlo ve \u010dtvrtek 21. z\u00e1\u0159\u00ed v nov\u00e9 Smute\u010dn\u00ed s\u00edni u Centr\u00e1ln\u00edho h\u0159bitova v Hav\u00ed\u0159ov\u011b &#8211; \u0160umbarku.<\/p>\n<p><i>Vzpom\u00ednka ze \u017eivota sestry od jej\u00edch dcer<\/i><\/p>\n<p><!--more--><\/p>\n<p>Maminka se narodila v roce 1926 do z\u00e1mo\u017en\u00e9 rodiny Rudolf\u016f, kde byl jej\u00ed d\u011bde\u010dek \u0159ezn\u00edkem a hostinsk\u00fdm v Babic\u00edch nad Svitavou. Mamince byly dva roky, kdy\u017e j\u00ed zem\u0159ela jej\u00ed maminka, a proto byla vychov\u00e1v\u00e1na druhou babi\u010dkou, kter\u00e1 \u017eila na h\u00e1jence v Jalov\u00e9m Dvo\u0159e. Babi\u010dka ji velmi milovala a maminka tam s n\u00ed pro\u017e\u00edvala kr\u00e1sn\u00e9 chv\u00edle a o mnoh\u00fdch z\u00e1\u017eitc\u00edch z t\u00e9 doby n\u00e1m \u010dasto vypr\u00e1v\u011bla. R\u00e1da se tam vracela i pozd\u011bji, kdy\u017e u\u017e m\u011bla n\u00e1s.<\/p>\n<p>Jej\u00ed tat\u00ednek se o\u017eenil asi dva roky po smrti jej\u00ed maminky, a maminka tak m\u011bla novou maminku a na\u0161\u00ed babi\u010dku Sl\u00e1vku. Po n\u011bjak\u00e9m \u010dase se jim narodil syn Mojmir &#8211; mamin\u010din bratr. \u017dili jako rodina ve Slavkov\u011b u Brna, dokud maminka neode\u0161la na studium do Prahy.<\/p>\n<p>Maminka byla, tak jako jej\u00ed zem\u0159el\u00e1 maminka, pok\u0159t\u011bn\u00e1 v katolick\u00e9 c\u00edrkvi. D\u011bde\u010dek byl vla\u017en\u00fd evangel\u00edk a druh\u00e1 &#8222;maminka&#8220; byla \u010dlenkou \u010deskobratrsk\u00e9 c\u00edrkve evangelick\u00e9. T\u00edm p\u00e1dem nebyla v \u017e\u00e1dn\u00e9 c\u00edrkvi n\u011bjak\u00fdm zp\u016fsobem ukotvena. Z rann\u00e9ho d\u011btstv\u00ed vzpom\u00ednala, jak musela chodit na hodiny n\u00e1bo\u017eenstv\u00ed ve \u0161kole. Jej\u00ed katolickou &#8222;v\u00fdchovu&#8220; ov\u0161em ukon\u010dila jej\u00ed ve\u0159ejn\u00e1 modlitba na hodin\u011b: &#8222;And\u011bl P\u00e1n\u011b zl\u00e1mal s\u00e1n\u011b&#8220; \ud83d\ude42<\/p>\n<p>Po studiu v Praze maminka nastoupila do pr\u00e1ce v Tren\u010d\u00edn\u011b, kde poznala Bo\u017e\u00ed pravdu, byla pok\u0159t\u011bna a p\u0159ijata do C\u00edrkve adventist\u016f sedm\u00e9ho dne. Tam se tak\u00e9 sezn\u00e1mila s tat\u00ednkem, se kter\u00fdm letos oslavila 72 let spole\u010dn\u00e9ho \u017eivota. Ale vstup do c\u00edrkve adventist\u016f znamenal \u00fapln\u00e9 vyd\u011bd\u011bn\u00ed &#8211; rodina se ji na p\u00e1r let z\u0159ekla. K \u010d\u00e1ste\u010dn\u00e9mu sm\u00ed\u0159en\u00ed do\u0161lo a\u017e po narozen\u00ed prvn\u00ed dcery &#8211; Esterky (takov\u00e9 &#8222;divn\u00e9&#8220; jm\u00e9no ve Slavkov\u011b je\u0161t\u011b nikdo nesly\u0161el a mal\u00e1 sousedka po cel\u00e9 ulici rozhl\u00e1sila, \u017ee u Rudolf\u016f maji Je\u0161t\u011brku \ud83d\ude42 ).<\/p>\n<p>N\u00e1\u0161 tat\u00ednek v\u017edy \u0159\u00edk\u00e1val, \u017ee ka\u017ed\u00fd spr\u00e1vn\u00fd kr\u00e1l m\u00e1 t\u0159i princezny, a to se jim splnilo b\u011bhem t\u0159\u00ed let a dvou m\u011bs\u00edc\u016f.<\/p>\n<p>Maminka \u010dasto z\u016fst\u00e1vala s n\u00e1mi doma samotn\u00e1, proto\u017ee tat\u00ednek slou\u017eil t\u0159i roky na vojn\u011b v pomocn\u00fdch praporech (PTP) a pozd\u011bji kv\u016fli kazatelsk\u00e9 \u010dinnosti a nedostatku slu\u017eebn\u00edch byt\u016f musel hodn\u011b cestovat. Bylo to pro ni ur\u010dit\u011b n\u00e1ro\u010dn\u00e9, vychov\u00e1vat sama t\u0159i mal\u00e9 d\u011bti.<\/p>\n<p>Maminka byla velmi pe\u010dliv\u00e1. V\u017edy bylo uklizeno, nava\u0159eno, a ka\u017ed\u00fd host, kter\u00fd k n\u00e1m p\u0159i\u0161el, byl v\u00edt\u00e1n. \u010casto b\u00fdvala nemocn\u00e1, a tehdy n\u00e1s hl\u00eddala babi\u010dka Milu\u0161ka a teti\u010dky ze sboru, se kter\u00fdmi jsme chodili za maminkou do nemocnice. Na to jsme se v\u017edy moc t\u011b\u0161ily, proto\u017ee jsme dost\u00e1valy jogurty, rohl\u00edky s medem a \u010dokol\u00e1dky, kter\u00e9 n\u00e1m mamin\u010diny spolupacienti schov\u00e1vali &#8211; t\u011b\u0161ili se, a\u017e zase p\u0159ijdeme. Maminka byla velmi skromn\u00e1, usilovn\u00e1 a zru\u010dn\u00e1 \u017eena. V\u00edc ne\u017e sob\u011b dop\u0159\u00e1vala n\u00e1m dcer\u00e1m. \u0160ila n\u00e1m oble\u010den\u00ed, pletla svetry, vy\u0161\u00edvala a h\u00e1\u010dkovala. Sama se velmi skromn\u011b obl\u00e9kala. M\u011bla jednu sukni na sobotu a kdy\u017e pro sebe dostala n\u011bjak\u00e9 star\u0161\u00ed oble\u010den\u00ed, tak n\u00e1m z n\u011bj ud\u011blala suk\u00fdnky. Dcera Hanka si osobn\u011b pamatuje, jak j\u00ed s tat\u00ednkem k 40. narozenin\u00e1m daly nov\u00e9 modr\u00e9 \u0161aty a jakou z toho m\u011bla radost.<\/p>\n<p>Maminka m\u011bla moc r\u00e1da p\u0159\u00edrodu. Sb\u00edrala bylinky na \u010daje (a to byl teda \u010cAJ) a r\u00e1da chodila na houby &#8211; i jej\u00ed vnou\u010data vzpom\u00ednaj\u00ed na spole\u010dn\u00e9 pobyty na c\u00edrkevn\u00ed chat\u011b na Podb\u00e1nsk\u00e9m, kde &#8222;jejich babi\u010dka&#8220; su\u0161ila bor\u016fvky a jin\u00e9 lesn\u00ed plody na \u010daj a tak\u00e9 h\u0159\u00edbky pro pozd\u011bj\u0161\u00ed pou\u017eit\u00ed. Kdy\u017e byla mo\u017enost m\u00edt zahr\u00e1dku, p\u011bstovala zeleninu.<\/p>\n<p>V ka\u017ed\u00e9m m\u00edst\u011b, kde byli rodi\u010de pov\u011b\u0159eni kazatelskou slu\u017ebou, a\u0165 to byly v p\u011btilet\u00fdch intervalech sbory Bansk\u00e1 Bystrica, Liptovsk\u00fd Mikul\u00e1\u0161, Tren\u010d\u00edn, Ko\u0161ice, Bratislava, nebo posledn\u00edch p\u0159es 20 let v Praze, byla obl\u00edben\u00e1. Na\u0161la si nov\u00e1 p\u0159\u00e1telstv\u00ed, poka\u017ed\u00e9 nov\u00e9 zam\u011bstn\u00e1n\u00ed a byla velkou pomoc\u00ed ve sborech.<\/p>\n<p>Nereptala, kdy\u017e museli bydlet v provizorn\u00edch ubytov\u00e1n\u00edch u ciz\u00edch lid\u00ed, ve sklepn\u00edch m\u00edstnostech, v bytech bez koupelny, nebo i s potkany, na kter\u00e9 dodnes dcera Hanka vzpom\u00edn\u00e1 s hr\u016fzou. Byla opravdu tat\u00ednkovi v ka\u017ed\u00e9 situaci velkou oporou.<\/p>\n<p>M\u011bla mo\u017enost spolu s tat\u00ednkem n\u011bkolikr\u00e1t nav\u0161t\u00edvit rodinu dcery Hanky v Kanad\u011b. Procestovali spolu celou Kanadu a mnoh\u00e1 m\u00edsta v USA, kde maminka obdivovala kr\u00e1su Bo\u017e\u00edho stvo\u0159en\u00ed. R\u00e1da jezdila se sv\u00fdm ze\u0165em Bohu\u0161em ve\u010der po pr\u00e1ci nakupovat potraviny za hranice na americkou stranu Niagarsk\u00fdch vodop\u00e1d\u016f. Oba si to u\u017e\u00edvali, a dcera Hanka byla r\u00e1da, \u017ee nemus\u00ed do obchodu \ud83d\ude42<\/p>\n<p>A\u017e do posledn\u00ed chv\u00edle \u017eivota m\u011bla \u00fa\u017easnou pam\u011b\u0165. Je to v\u00edce ne\u017e 30 let, co byli s tat\u00ednkem poprv\u00e9 v Kanad\u011b, a maminka si pamatovala v\u0161echna nav\u0161t\u00edven\u00e1 m\u00edsta a nejen to. Pamatovala si jm\u00e9na lid\u00ed, jak a kde bydleli, m\u00edsta i kde a co jedli. Jak vyj\u00e1d\u0159ila dcera Hanka, tak v\u017edy jen koukala a tou\u017eila po takov\u00e9 pam\u011bti. Jej\u00edmi prvn\u00edmi anglick\u00fdmi slovy byla &#8222;basement&#8220; (sklep), &#8222;gate&#8220; (vchod nebo vrata) co vyslovovala se sm\u00edchem jako &#8222;gat\u011b&#8220; a tak\u00e9 &#8222;garbage&#8220; (smet\u00ed).<\/p>\n<p>Maminka myslela na v\u0161echny. M\u00edvala dlouh\u00e9 rann\u00ed modlitby a modlila se za ka\u017ed\u00e9ho jmenovit\u011b. Vychovala t\u0159i dcery, a byla obdarov\u00e1na sedmi vnou\u010daty a devaten\u00e1cti pravnou\u010daty.<\/p>\n<p>Do posledn\u00ed minuty byla maminka vd\u011b\u010dn\u00e1 za ka\u017edou n\u00e1v\u0161t\u011bvu, povzbuzen\u00ed a telefon\u00e1ty.<\/p>\n","protected":false},"excerpt":{"rendered":"<p>V sobotu 16. z\u00e1\u0159\u00ed 2023 ve v\u011bku 97 let byla sv\u00fdm Bohem povol\u00e1na k do\u010dasn\u00e9mu odpo\u010dinku na\u0161e sestra v Kristu Libu\u0161e Koh\u00fatov\u00e1. Posledn\u00ed rozlou\u010den\u00ed se sestrou prob\u011bhlo ve \u010dtvrtek 21. z\u00e1\u0159\u00ed v nov\u00e9 Smute\u010dn\u00ed s\u00edni u Centr\u00e1ln\u00edho h\u0159bitova v Hav\u00ed\u0159ov\u011b &#8211; \u0160umbarku. Vzpom\u00ednka ze \u017eivota sestry od jej\u00edch dcer<\/p>\n","protected":false},"author":2,"featured_media":0,"comment_status":"closed","ping_status":"open","sticky":false,"template":"","format":"standard","meta":{"_monsterinsights_skip_tracking":false,"_monsterinsights_sitenote_active":false,"_monsterinsights_sitenote_note":"","_monsterinsights_sitenote_category":0,"ngg_post_thumbnail":0,"footnotes":""},"categories":[19],"tags":[],"class_list":["post-38802","post","type-post","status-publish","format-standard","hentry","category-ze-zivota-sboru"],"_links":{"self":[{"href":"https:\/\/radvanice.casd.cz\/index.php?rest_route=\/wp\/v2\/posts\/38802","targetHints":{"allow":["GET"]}}],"collection":[{"href":"https:\/\/radvanice.casd.cz\/index.php?rest_route=\/wp\/v2\/posts"}],"about":[{"href":"https:\/\/radvanice.casd.cz\/index.php?rest_route=\/wp\/v2\/types\/post"}],"author":[{"embeddable":true,"href":"https:\/\/radvanice.casd.cz\/index.php?rest_route=\/wp\/v2\/users\/2"}],"replies":[{"embeddable":true,"href":"https:\/\/radvanice.casd.cz\/index.php?rest_route=%2Fwp%2Fv2%2Fcomments&post=38802"}],"version-history":[{"count":5,"href":"https:\/\/radvanice.casd.cz\/index.php?rest_route=\/wp\/v2\/posts\/38802\/revisions"}],"predecessor-version":[{"id":38892,"href":"https:\/\/radvanice.casd.cz\/index.php?rest_route=\/wp\/v2\/posts\/38802\/revisions\/38892"}],"wp:attachment":[{"href":"https:\/\/radvanice.casd.cz\/index.php?rest_route=%2Fwp%2Fv2%2Fmedia&parent=38802"}],"wp:term":[{"taxonomy":"category","embeddable":true,"href":"https:\/\/radvanice.casd.cz\/index.php?rest_route=%2Fwp%2Fv2%2Fcategories&post=38802"},{"taxonomy":"post_tag","embeddable":true,"href":"https:\/\/radvanice.casd.cz\/index.php?rest_route=%2Fwp%2Fv2%2Ftags&post=38802"}],"curies":[{"name":"wp","href":"https:\/\/api.w.org\/{rel}","templated":true}]}}