{"id":38780,"date":"2023-08-22T07:10:19","date_gmt":"2023-08-22T05:10:19","guid":{"rendered":"https:\/\/radvanice.casd.cz\/?p=38780"},"modified":"2023-08-30T08:02:05","modified_gmt":"2023-08-30T06:02:05","slug":"v-sobotu-26-srpna-2023-u-nas-neni-poboznost","status":"publish","type":"post","link":"https:\/\/radvanice.casd.cz\/?p=38780","title":{"rendered":"V sobotu 26. srpna 2023 u n\u00e1s nen\u00ed pobo\u017enost"},"content":{"rendered":"<p>Z d\u016fvod\u016f zkr\u00e1\u0161len\u00ed a zlep\u0161en\u00ed bezpe\u010dnosti na\u0161\u00ed modlitebny a stavebn\u00edch prac\u00ed spojen\u00fdch s rekonstrukc\u00ed schodi\u0161t\u011b a z\u00e1bradl\u00ed uvnit\u0159 budovy jsme nuceni sobotn\u00ed bohoslu\u017ebu 26. 8. 2023 v Radvanick\u00e9m sboru ZRU\u0160IT!<\/p>\n<p>M\u016f\u017eete nav\u0161t\u00edvit bohoslu\u017ebu v Bohum\u00edn\u011b 9:00 (k\u00e1z\u00e1n\u00ed Sznapka Bohuslav), nebo bohoslu\u017ebu v Ostrav\u011b Svinov\u011b 9:30 (Michal Jurkovsk\u00fd), Ostrav\u011b P\u0159\u00edvoze 9:00 (Michal Jurkovsk\u00fd), Ostrav\u011b Z\u00e1b\u0159ehu 9:00 (Groger Jan), D\u011btmarovic\u00edch 9:00 (Pavel Koste\u010dka) nebo Hav\u00ed\u0159ov\u011b Such\u00e1 9:30 (Jaroslav Stejskal). Bohoslu\u017eba v Hav\u00ed\u0159ov\u011b \u0160umbarku, nebo Ostrav\u011b Mar. Hor\u00e1ch v tomto datu nen\u00ed.<\/p>\n","protected":false},"excerpt":{"rendered":"<p>Z d\u016fvod\u016f zkr\u00e1\u0161len\u00ed a zlep\u0161en\u00ed bezpe\u010dnosti na\u0161\u00ed modlitebny a stavebn\u00edch prac\u00ed spojen\u00fdch s rekonstrukc\u00ed schodi\u0161t\u011b a z\u00e1bradl\u00ed uvnit\u0159 budovy jsme nuceni sobotn\u00ed bohoslu\u017ebu 26. 8. 2023 v Radvanick\u00e9m sboru ZRU\u0160IT! M\u016f\u017eete nav\u0161t\u00edvit bohoslu\u017ebu v Bohum\u00edn\u011b 9:00 (k\u00e1z\u00e1n\u00ed Sznapka Bohuslav), nebo bohoslu\u017ebu v Ostrav\u011b Svinov\u011b 9:30 (Michal Jurkovsk\u00fd), Ostrav\u011b P\u0159\u00edvoze 9:00 (Michal Jurkovsk\u00fd), Ostrav\u011b Z\u00e1b\u0159ehu 9:00 &hellip; <a href=\"https:\/\/radvanice.casd.cz\/?p=38780\" class=\"more-link\">Pokra\u010dov\u00e1n\u00ed textu <span class=\"screen-reader-text\">V sobotu 26. srpna 2023 u n\u00e1s nen\u00ed pobo\u017enost<\/span><\/a><\/p>\n","protected":false},"author":2,"featured_media":0,"comment_status":"closed","ping_status":"open","sticky":false,"template":"","format":"standard","meta":{"_monsterinsights_skip_tracking":false,"_monsterinsights_sitenote_active":false,"_monsterinsights_sitenote_note":"","_monsterinsights_sitenote_category":0,"ngg_post_thumbnail":0,"footnotes":""},"categories":[19],"tags":[],"class_list":["post-38780","post","type-post","status-publish","format-standard","hentry","category-ze-zivota-sboru"],"_links":{"self":[{"href":"https:\/\/radvanice.casd.cz\/index.php?rest_route=\/wp\/v2\/posts\/38780","targetHints":{"allow":["GET"]}}],"collection":[{"href":"https:\/\/radvanice.casd.cz\/index.php?rest_route=\/wp\/v2\/posts"}],"about":[{"href":"https:\/\/radvanice.casd.cz\/index.php?rest_route=\/wp\/v2\/types\/post"}],"author":[{"embeddable":true,"href":"https:\/\/radvanice.casd.cz\/index.php?rest_route=\/wp\/v2\/users\/2"}],"replies":[{"embeddable":true,"href":"https:\/\/radvanice.casd.cz\/index.php?rest_route=%2Fwp%2Fv2%2Fcomments&post=38780"}],"version-history":[{"count":4,"href":"https:\/\/radvanice.casd.cz\/index.php?rest_route=\/wp\/v2\/posts\/38780\/revisions"}],"predecessor-version":[{"id":38791,"href":"https:\/\/radvanice.casd.cz\/index.php?rest_route=\/wp\/v2\/posts\/38780\/revisions\/38791"}],"wp:attachment":[{"href":"https:\/\/radvanice.casd.cz\/index.php?rest_route=%2Fwp%2Fv2%2Fmedia&parent=38780"}],"wp:term":[{"taxonomy":"category","embeddable":true,"href":"https:\/\/radvanice.casd.cz\/index.php?rest_route=%2Fwp%2Fv2%2Fcategories&post=38780"},{"taxonomy":"post_tag","embeddable":true,"href":"https:\/\/radvanice.casd.cz\/index.php?rest_route=%2Fwp%2Fv2%2Ftags&post=38780"}],"curies":[{"name":"wp","href":"https:\/\/api.w.org\/{rel}","templated":true}]}}