{"id":38739,"date":"2023-06-15T15:59:59","date_gmt":"2023-06-15T13:59:59","guid":{"rendered":"https:\/\/radvanice.casd.cz\/?p=38739"},"modified":"2023-08-22T07:15:05","modified_gmt":"2023-08-22T05:15:05","slug":"krest-charlotte-jureckove","status":"publish","type":"post","link":"https:\/\/radvanice.casd.cz\/?p=38739","title":{"rendered":"Pozv\u00e1nka na k\u0159est Charlotte Jure\u010dkov\u00e9 (16. \u010dervna 2023 v 18:00)"},"content":{"rendered":"<p><em>Srde\u010dn\u011b v\u00e1s zvu na m\u016fj K\u0158EST.<br \/>\nCharlotte Jure\u010dkov\u00e1<\/em><\/p>\n<p>Kdy: 16. 6. 2023 v 18:00<br \/>\nKde: \u017dermanick\u00e1 p\u0159ehrada (<a href=\"https:\/\/mapy.cz\/s\/pakehovemo\">odkaz na mapu ji\u017e s nov\u00fdm m\u00edstem k\u0159tu<\/a>)<\/p>\n<p><a href=\"https:\/\/radvanice.casd.cz\/wp-content\/uploads\/POZVANKA_NA_KREST_I_S_MAPOU_Stranka_1-scaled.jpg\"><img loading=\"lazy\" decoding=\"async\" src=\"https:\/\/radvanice.casd.cz\/wp-content\/uploads\/POZVANKA_NA_KREST_I_S_MAPOU_Stranka_1-722x1024.jpg\" alt=\"\" width=\"625\" height=\"886\" class=\"aligncenter size-large wp-image-38740\" srcset=\"https:\/\/radvanice.casd.cz\/wp-content\/uploads\/POZVANKA_NA_KREST_I_S_MAPOU_Stranka_1-722x1024.jpg 722w, https:\/\/radvanice.casd.cz\/wp-content\/uploads\/POZVANKA_NA_KREST_I_S_MAPOU_Stranka_1-211x300.jpg 211w, https:\/\/radvanice.casd.cz\/wp-content\/uploads\/POZVANKA_NA_KREST_I_S_MAPOU_Stranka_1-768x1090.jpg 768w, https:\/\/radvanice.casd.cz\/wp-content\/uploads\/POZVANKA_NA_KREST_I_S_MAPOU_Stranka_1-1083x1536.jpg 1083w, https:\/\/radvanice.casd.cz\/wp-content\/uploads\/POZVANKA_NA_KREST_I_S_MAPOU_Stranka_1-1443x2048.jpg 1443w, https:\/\/radvanice.casd.cz\/wp-content\/uploads\/POZVANKA_NA_KREST_I_S_MAPOU_Stranka_1-624x885.jpg 624w, https:\/\/radvanice.casd.cz\/wp-content\/uploads\/POZVANKA_NA_KREST_I_S_MAPOU_Stranka_1-scaled.jpg 1804w\" sizes=\"auto, (max-width: 625px) 100vw, 625px\" \/><\/a><\/p>\n<p><!--more--><\/p>\n<p><strong>Nov\u00e9 m\u00edsto k\u0159tu:<\/strong><br \/>\n<a href=\"https:\/\/radvanice.casd.cz\/wp-content\/uploads\/POZVANKA_NA_KREST_I_S_MAPOU_Stranka_3.jpg\"><img loading=\"lazy\" decoding=\"async\" src=\"https:\/\/radvanice.casd.cz\/wp-content\/uploads\/POZVANKA_NA_KREST_I_S_MAPOU_Stranka_3-722x1024.jpg\" alt=\"\" width=\"625\" height=\"886\" class=\"aligncenter size-large wp-image-38741\" srcset=\"https:\/\/radvanice.casd.cz\/wp-content\/uploads\/POZVANKA_NA_KREST_I_S_MAPOU_Stranka_3-722x1024.jpg 722w, https:\/\/radvanice.casd.cz\/wp-content\/uploads\/POZVANKA_NA_KREST_I_S_MAPOU_Stranka_3-211x300.jpg 211w, https:\/\/radvanice.casd.cz\/wp-content\/uploads\/POZVANKA_NA_KREST_I_S_MAPOU_Stranka_3-768x1089.jpg 768w, https:\/\/radvanice.casd.cz\/wp-content\/uploads\/POZVANKA_NA_KREST_I_S_MAPOU_Stranka_3-1083x1536.jpg 1083w, https:\/\/radvanice.casd.cz\/wp-content\/uploads\/POZVANKA_NA_KREST_I_S_MAPOU_Stranka_3-624x885.jpg 624w, https:\/\/radvanice.casd.cz\/wp-content\/uploads\/POZVANKA_NA_KREST_I_S_MAPOU_Stranka_3.jpg 1166w\" sizes=\"auto, (max-width: 625px) 100vw, 625px\" \/><\/a><\/p>\n","protected":false},"excerpt":{"rendered":"<p>Srde\u010dn\u011b v\u00e1s zvu na m\u016fj K\u0158EST. Charlotte Jure\u010dkov\u00e1 Kdy: 16. 6. 2023 v 18:00 Kde: \u017dermanick\u00e1 p\u0159ehrada (odkaz na mapu ji\u017e s nov\u00fdm m\u00edstem k\u0159tu)<\/p>\n","protected":false},"author":2,"featured_media":0,"comment_status":"closed","ping_status":"open","sticky":false,"template":"","format":"standard","meta":{"_monsterinsights_skip_tracking":false,"_monsterinsights_sitenote_active":false,"_monsterinsights_sitenote_note":"","_monsterinsights_sitenote_category":0,"ngg_post_thumbnail":0,"footnotes":""},"categories":[18,19],"tags":[],"class_list":["post-38739","post","type-post","status-publish","format-standard","hentry","category-pozvanky","category-ze-zivota-sboru"],"_links":{"self":[{"href":"https:\/\/radvanice.casd.cz\/index.php?rest_route=\/wp\/v2\/posts\/38739","targetHints":{"allow":["GET"]}}],"collection":[{"href":"https:\/\/radvanice.casd.cz\/index.php?rest_route=\/wp\/v2\/posts"}],"about":[{"href":"https:\/\/radvanice.casd.cz\/index.php?rest_route=\/wp\/v2\/types\/post"}],"author":[{"embeddable":true,"href":"https:\/\/radvanice.casd.cz\/index.php?rest_route=\/wp\/v2\/users\/2"}],"replies":[{"embeddable":true,"href":"https:\/\/radvanice.casd.cz\/index.php?rest_route=%2Fwp%2Fv2%2Fcomments&post=38739"}],"version-history":[{"count":5,"href":"https:\/\/radvanice.casd.cz\/index.php?rest_route=\/wp\/v2\/posts\/38739\/revisions"}],"predecessor-version":[{"id":38784,"href":"https:\/\/radvanice.casd.cz\/index.php?rest_route=\/wp\/v2\/posts\/38739\/revisions\/38784"}],"wp:attachment":[{"href":"https:\/\/radvanice.casd.cz\/index.php?rest_route=%2Fwp%2Fv2%2Fmedia&parent=38739"}],"wp:term":[{"taxonomy":"category","embeddable":true,"href":"https:\/\/radvanice.casd.cz\/index.php?rest_route=%2Fwp%2Fv2%2Fcategories&post=38739"},{"taxonomy":"post_tag","embeddable":true,"href":"https:\/\/radvanice.casd.cz\/index.php?rest_route=%2Fwp%2Fv2%2Ftags&post=38739"}],"curies":[{"name":"wp","href":"https:\/\/api.w.org\/{rel}","templated":true}]}}