{"id":38678,"date":"2023-05-23T06:44:09","date_gmt":"2023-05-23T04:44:09","guid":{"rendered":"https:\/\/radvanice.casd.cz\/?p=38678"},"modified":"2023-06-29T07:04:40","modified_gmt":"2023-06-29T05:04:40","slug":"pozvanka-na-spolecnou-sobotni-bohosluzbu-do-prahy-27-5-2023","status":"publish","type":"post","link":"https:\/\/radvanice.casd.cz\/?p=38678","title":{"rendered":"Pozv\u00e1nka na spole\u010dnou sobotn\u00ed bohoslu\u017ebu do Prahy (27. 5. 2023)"},"content":{"rendered":"<p>V\u0161echny informace ke spole\u010dn\u00e9 sobotn\u00ed bohoslu\u017eb\u011b v Praze naleznete v n\u00e1sleduj\u00edc\u00edm \u010dl\u00e1nku:<br \/>\n<a href=\"https:\/\/www.casd.cz\/nadeje-pro-dnesek-sobotni-bohosluzba-27-5-2023\/\">https:\/\/www.casd.cz\/nadeje-pro-dnesek-sobotni-bohosluzba-27-5-2023\/<\/a><\/p>\n<p>P\u0159\u00edm\u00fd p\u0159enos z dopoledn\u00ed \u010d\u00e1sti za\u010dne v 10:00 <a href=\"https:\/\/youtube.com\/live\/w6sD9dAgo68?feature=share\">zde<\/a> a odpoledn\u00ed \u010d\u00e1st m\u016f\u017eete sledovat <a href=\"https:\/\/youtube.com\/live\/2IslEfT_AqI?feature=share\">zde<\/a>.<\/p>\n<p><!--more--><\/p>\n<p><a href=\"https:\/\/radvanice.casd.cz\/wp-content\/uploads\/PozvankaNadejeProDnesekPraha.jpg\"><img loading=\"lazy\" decoding=\"async\" src=\"https:\/\/radvanice.casd.cz\/wp-content\/uploads\/PozvankaNadejeProDnesekPraha-724x1024.jpg\" alt=\"\" width=\"625\" height=\"884\" class=\"aligncenter size-large wp-image-38679\" srcset=\"https:\/\/radvanice.casd.cz\/wp-content\/uploads\/PozvankaNadejeProDnesekPraha-724x1024.jpg 724w, https:\/\/radvanice.casd.cz\/wp-content\/uploads\/PozvankaNadejeProDnesekPraha-212x300.jpg 212w, https:\/\/radvanice.casd.cz\/wp-content\/uploads\/PozvankaNadejeProDnesekPraha-768x1086.jpg 768w, https:\/\/radvanice.casd.cz\/wp-content\/uploads\/PozvankaNadejeProDnesekPraha-1086x1536.jpg 1086w, https:\/\/radvanice.casd.cz\/wp-content\/uploads\/PozvankaNadejeProDnesekPraha-624x882.jpg 624w, https:\/\/radvanice.casd.cz\/wp-content\/uploads\/PozvankaNadejeProDnesekPraha.jpg 1200w\" sizes=\"auto, (max-width: 625px) 100vw, 625px\" \/><\/a><\/p>\n","protected":false},"excerpt":{"rendered":"<p>V\u0161echny informace ke spole\u010dn\u00e9 sobotn\u00ed bohoslu\u017eb\u011b v Praze naleznete v n\u00e1sleduj\u00edc\u00edm \u010dl\u00e1nku: https:\/\/www.casd.cz\/nadeje-pro-dnesek-sobotni-bohosluzba-27-5-2023\/ P\u0159\u00edm\u00fd p\u0159enos z dopoledn\u00ed \u010d\u00e1sti za\u010dne v 10:00 zde a odpoledn\u00ed \u010d\u00e1st m\u016f\u017eete sledovat zde.<\/p>\n","protected":false},"author":2,"featured_media":0,"comment_status":"closed","ping_status":"open","sticky":false,"template":"","format":"standard","meta":{"_monsterinsights_skip_tracking":false,"_monsterinsights_sitenote_active":false,"_monsterinsights_sitenote_note":"","_monsterinsights_sitenote_category":0,"ngg_post_thumbnail":0,"footnotes":""},"categories":[47],"tags":[],"class_list":["post-38678","post","type-post","status-publish","format-standard","hentry","category-ze-zivota-cirkve"],"_links":{"self":[{"href":"https:\/\/radvanice.casd.cz\/index.php?rest_route=\/wp\/v2\/posts\/38678","targetHints":{"allow":["GET"]}}],"collection":[{"href":"https:\/\/radvanice.casd.cz\/index.php?rest_route=\/wp\/v2\/posts"}],"about":[{"href":"https:\/\/radvanice.casd.cz\/index.php?rest_route=\/wp\/v2\/types\/post"}],"author":[{"embeddable":true,"href":"https:\/\/radvanice.casd.cz\/index.php?rest_route=\/wp\/v2\/users\/2"}],"replies":[{"embeddable":true,"href":"https:\/\/radvanice.casd.cz\/index.php?rest_route=%2Fwp%2Fv2%2Fcomments&post=38678"}],"version-history":[{"count":4,"href":"https:\/\/radvanice.casd.cz\/index.php?rest_route=\/wp\/v2\/posts\/38678\/revisions"}],"predecessor-version":[{"id":38753,"href":"https:\/\/radvanice.casd.cz\/index.php?rest_route=\/wp\/v2\/posts\/38678\/revisions\/38753"}],"wp:attachment":[{"href":"https:\/\/radvanice.casd.cz\/index.php?rest_route=%2Fwp%2Fv2%2Fmedia&parent=38678"}],"wp:term":[{"taxonomy":"category","embeddable":true,"href":"https:\/\/radvanice.casd.cz\/index.php?rest_route=%2Fwp%2Fv2%2Fcategories&post=38678"},{"taxonomy":"post_tag","embeddable":true,"href":"https:\/\/radvanice.casd.cz\/index.php?rest_route=%2Fwp%2Fv2%2Ftags&post=38678"}],"curies":[{"name":"wp","href":"https:\/\/api.w.org\/{rel}","templated":true}]}}