{"id":38675,"date":"2023-05-21T06:00:16","date_gmt":"2023-05-21T04:00:16","guid":{"rendered":"https:\/\/radvanice.casd.cz\/?p=38675"},"modified":"2023-06-29T07:09:16","modified_gmt":"2023-06-29T05:09:16","slug":"prednasky-nadeje-pro-dnesek-19-5-3-6","status":"publish","type":"post","link":"https:\/\/radvanice.casd.cz\/?p=38675","title":{"rendered":"P\u0159edn\u00e1\u0161ky &#8222;Nad\u011bje pro dne\u0161ek&#8220; (19.5. &#8211; 3.6.)"},"content":{"rendered":"<p>Objeven\u00ed a posilov\u00e1n\u00ed osobn\u00edho vztahu s Je\u017e\u00ed\u0161em je jedin\u00e1 cesta, kter\u00e1 d\u00e1v\u00e1 smysl pro budoucnost. C\u00edt\u00edte v hloubce srdce, \u017ee tato my\u0161lenka ukr\u00fdv\u00e1 pozitivn\u00ed v\u00fdzvu i pro v\u00e1\u0161 \u017eivot? Chcete z\u00edskat vnit\u0159n\u00ed klid a novou vizi, \u017ee to nejlep\u0161\u00ed je po\u0159\u00e1d p\u0159ed n\u00e1mi? Tou\u017e\u00edte nav\u00e1zat a rozv\u00edjet ten nejd\u016fle\u017eit\u011bj\u0161\u00ed vztah va\u0161eho \u017eivota?<\/p>\n<p>Zveme v\u00e1s na p\u0159edn\u00e1\u0161ky &#8222;Nad\u011bje pro dne\u0161ek&#8220;, kter\u00e9 prob\u00edhaj\u00ed v t\u011bchto dnech (od 19. kv\u011btna do 3. \u010dervna) v ostravsk\u00e9m sboru Ostrava-Z\u00e1b\u0159eh.<\/p>\n<p>Dal\u0161\u00ed informace naleznete na str\u00e1nka\u00e1ch:<br \/>\n<a href=\"https:\/\/ostrava.dotknisenebe.cz\/2023\/04\/28\/nadeje-pro-dnesek\/\">https:\/\/ostrava.dotknisenebe.cz\/2023\/04\/28\/nadeje-pro-dnesek\/<\/a><\/p>\n<p>Videoz\u00e1znam z p\u0159edn\u00e1\u0161ek naleznete <a href=\"https:\/\/youtube.com\/playlist?list=PLh-9G4XLiIj0t_0MSUcSbbU91V7gSc-oQ\">na tomto odkazu<\/a>.<\/p>\n<p><!--more--><\/p>\n<p><a href=\"https:\/\/radvanice.casd.cz\/wp-content\/uploads\/PozvankaNadejeProDnesekOstrava.jpg\"><img loading=\"lazy\" decoding=\"async\" src=\"https:\/\/radvanice.casd.cz\/wp-content\/uploads\/PozvankaNadejeProDnesekOstrava-633x1024.jpg\" alt=\"\" width=\"625\" height=\"1011\" class=\"aligncenter size-large wp-image-38676\" srcset=\"https:\/\/radvanice.casd.cz\/wp-content\/uploads\/PozvankaNadejeProDnesekOstrava-633x1024.jpg 633w, https:\/\/radvanice.casd.cz\/wp-content\/uploads\/PozvankaNadejeProDnesekOstrava-186x300.jpg 186w, https:\/\/radvanice.casd.cz\/wp-content\/uploads\/PozvankaNadejeProDnesekOstrava-768x1242.jpg 768w, https:\/\/radvanice.casd.cz\/wp-content\/uploads\/PozvankaNadejeProDnesekOstrava-950x1536.jpg 950w, https:\/\/radvanice.casd.cz\/wp-content\/uploads\/PozvankaNadejeProDnesekOstrava-624x1009.jpg 624w, https:\/\/radvanice.casd.cz\/wp-content\/uploads\/PozvankaNadejeProDnesekOstrava.jpg 1046w\" sizes=\"auto, (max-width: 625px) 100vw, 625px\" \/><\/a><\/p>\n","protected":false},"excerpt":{"rendered":"<p>Objeven\u00ed a posilov\u00e1n\u00ed osobn\u00edho vztahu s Je\u017e\u00ed\u0161em je jedin\u00e1 cesta, kter\u00e1 d\u00e1v\u00e1 smysl pro budoucnost. C\u00edt\u00edte v hloubce srdce, \u017ee tato my\u0161lenka ukr\u00fdv\u00e1 pozitivn\u00ed v\u00fdzvu i pro v\u00e1\u0161 \u017eivot? Chcete z\u00edskat vnit\u0159n\u00ed klid a novou vizi, \u017ee to nejlep\u0161\u00ed je po\u0159\u00e1d p\u0159ed n\u00e1mi? Tou\u017e\u00edte nav\u00e1zat a rozv\u00edjet ten nejd\u016fle\u017eit\u011bj\u0161\u00ed vztah va\u0161eho \u017eivota? Zveme v\u00e1s na &hellip; <a href=\"https:\/\/radvanice.casd.cz\/?p=38675\" class=\"more-link\">Pokra\u010dov\u00e1n\u00ed textu <span class=\"screen-reader-text\">P\u0159edn\u00e1\u0161ky &#8222;Nad\u011bje pro dne\u0161ek&#8220; (19.5. &#8211; 3.6.)<\/span><\/a><\/p>\n","protected":false},"author":2,"featured_media":0,"comment_status":"closed","ping_status":"open","sticky":false,"template":"","format":"standard","meta":{"_monsterinsights_skip_tracking":false,"_monsterinsights_sitenote_active":false,"_monsterinsights_sitenote_note":"","_monsterinsights_sitenote_category":0,"ngg_post_thumbnail":0,"footnotes":""},"categories":[47],"tags":[],"class_list":["post-38675","post","type-post","status-publish","format-standard","hentry","category-ze-zivota-cirkve"],"_links":{"self":[{"href":"https:\/\/radvanice.casd.cz\/index.php?rest_route=\/wp\/v2\/posts\/38675","targetHints":{"allow":["GET"]}}],"collection":[{"href":"https:\/\/radvanice.casd.cz\/index.php?rest_route=\/wp\/v2\/posts"}],"about":[{"href":"https:\/\/radvanice.casd.cz\/index.php?rest_route=\/wp\/v2\/types\/post"}],"author":[{"embeddable":true,"href":"https:\/\/radvanice.casd.cz\/index.php?rest_route=\/wp\/v2\/users\/2"}],"replies":[{"embeddable":true,"href":"https:\/\/radvanice.casd.cz\/index.php?rest_route=%2Fwp%2Fv2%2Fcomments&post=38675"}],"version-history":[{"count":3,"href":"https:\/\/radvanice.casd.cz\/index.php?rest_route=\/wp\/v2\/posts\/38675\/revisions"}],"predecessor-version":[{"id":38755,"href":"https:\/\/radvanice.casd.cz\/index.php?rest_route=\/wp\/v2\/posts\/38675\/revisions\/38755"}],"wp:attachment":[{"href":"https:\/\/radvanice.casd.cz\/index.php?rest_route=%2Fwp%2Fv2%2Fmedia&parent=38675"}],"wp:term":[{"taxonomy":"category","embeddable":true,"href":"https:\/\/radvanice.casd.cz\/index.php?rest_route=%2Fwp%2Fv2%2Fcategories&post=38675"},{"taxonomy":"post_tag","embeddable":true,"href":"https:\/\/radvanice.casd.cz\/index.php?rest_route=%2Fwp%2Fv2%2Ftags&post=38675"}],"curies":[{"name":"wp","href":"https:\/\/api.w.org\/{rel}","templated":true}]}}