{"id":38523,"date":"2023-02-06T17:06:59","date_gmt":"2023-02-06T16:06:59","guid":{"rendered":"https:\/\/radvanice.casd.cz\/?p=38523"},"modified":"2023-02-15T17:32:34","modified_gmt":"2023-02-15T16:32:34","slug":"modlitebni-tyden-kd-narodni-tyden-manzelstvi-13-19-unora-2023","status":"publish","type":"post","link":"https:\/\/radvanice.casd.cz\/?p=38523","title":{"rendered":"Modlitebn\u00ed t\u00fdden KD (N\u00e1rodn\u00ed t\u00fdden man\u017eelstv\u00ed) \u2013 13. &#8211; 19. \u00fanora 2023"},"content":{"rendered":"<p><a href=\"https:\/\/radvanice.casd.cz\/wp-content\/uploads\/tydenkd2023cz-web-page-0001.webp\"><img loading=\"lazy\" decoding=\"async\" src=\"https:\/\/radvanice.casd.cz\/wp-content\/uploads\/tydenkd2023cz-web-page-0001-212x300.webp\" alt=\"\" width=\"212\" height=\"300\" class=\"alignleft size-medium wp-image-38524\" srcset=\"https:\/\/radvanice.casd.cz\/wp-content\/uploads\/tydenkd2023cz-web-page-0001-212x300.webp 212w, https:\/\/radvanice.casd.cz\/wp-content\/uploads\/tydenkd2023cz-web-page-0001-722x1024.webp 722w, https:\/\/radvanice.casd.cz\/wp-content\/uploads\/tydenkd2023cz-web-page-0001-768x1089.webp 768w, https:\/\/radvanice.casd.cz\/wp-content\/uploads\/tydenkd2023cz-web-page-0001-624x885.webp 624w, https:\/\/radvanice.casd.cz\/wp-content\/uploads\/tydenkd2023cz-web-page-0001.webp 830w\" sizes=\"auto, (max-width: 212px) 100vw, 212px\" \/><\/a> Od 13. do 19. \u00fanora 2023 prob\u011bhne modlitebn\u00ed t\u00fdden k\u0159es\u0165ansk\u00e9ho domova. Pro leto\u0161n\u00ed rok bylo zvoleno t\u00e9ma \u201e<strong>Man\u017eelsk\u00e9 kontrasty<\/strong>\u201c. Cel\u00fd t\u00fdden se tak budeme moci zam\u00fd\u0161let nad t\u00edm, zda navzdory odli\u0161nostem m\u016f\u017eeme v na\u0161ich man\u017eelstv\u00edch budovat harmonick\u00e9 vztahy.<\/p>\n<p>Stejn\u011b jako ka\u017ed\u00fd rok pro V\u00e1s i letos odd\u011blen\u00ed slu\u017eby rodin\u00e1m CASD ve spolupr\u00e1ci s nakladatelstv\u00edm Advent-Orion p\u0159ipravilo na dan\u00e9 t\u00e9ma inspirativn\u00ed materi\u00e1ly, tedy <a href=\"https:\/\/www.adventorion.cz\/ke-stazeni\/zobrazit\/894\">sborn\u00edk sedmi p\u0159edn\u00e1\u0161ek<\/a>. Sepsali je pro v\u00e1s auto\u0159i, kte\u0159\u00ed se ji\u017e l\u00e9ta zab\u00fdvaj\u00ed rodinnou problematikou (Ji\u0159\u00ed Unger, Petr Adame, So\u0148a S\u00edlov\u00e1, Ludv\u00edk \u0160vih\u00e1lek, Mikul\u00e1\u0161 Pavl\u00edk, man\u017eel\u00e9 Chl\u00e1dkovi a Filip F\u00fcrst).<\/p>\n<p><!--more--><\/p>\n<p>Jejich p\u0159edn\u00e1\u0161ky se b\u011bhem t\u00fddne KD mohou st\u00e1t vhodnou inspirac\u00ed pro man\u017eelsk\u00e9 \u010dten\u00ed p\u0159ed span\u00edm nebo n\u00e1m\u011btem k rozhovor\u016fm v r\u00e1mci modlitebn\u00edch setk\u00e1n\u00ed odd\u011blen\u00ed k\u0159es\u0165ansk\u00e9ho domova, kter\u00e9 v pr\u016fb\u011bhu t\u00fddne KD ve va\u0161em sboru zorganizujete.<\/p>\n<p>P\u0159edn\u00e1\u0161ky by v\u0161ak mohly poslou\u017eit i na\u0161im p\u0159\u00e1tel\u016fm vn\u011b c\u00edrkve. S problematikou man\u017eelsk\u00fdch kontrast\u016f se ve sv\u00fdch man\u017eelstv\u00edch pot\u00fdkaj\u00ed stejn\u011b jako my. Shodou okolnost\u00ed v dan\u00e9m term\u00ednu v \u010cech\u00e1ch, na Morav\u011b i na Slovensku prob\u00edh\u00e1 ve dnech 12.\u201319. \u00fanora <a href=\"http:\/\/www.tydenmanzelstvi.cz\/\">N\u00e1rodn\u00ed t\u00fdden man\u017eelstv\u00ed<\/a> (d\u00e1le jen NTM), ob\u010dansk\u00e1 n\u00e1rodn\u00ed iniciativa k pos\u00edlen\u00ed man\u017eelsk\u00fdch vztah\u016f ve spole\u010dnosti. D\u00edky tomu, \u017ee je NTM iniciativou ob\u010danskou a n\u00e1rodn\u00ed se n\u00e1m jako c\u00edrkvi nab\u00edz\u00ed jedine\u010dn\u00e1 p\u0159\u00edle\u017eitost k nav\u00e1z\u00e1n\u00ed p\u0159irozen\u00e9 komunikace se sousedy v na\u0161ich m\u011bstech a obc\u00edch.<\/p>\n<p>P\u0159ipravme pro n\u011b proto v r\u00e1mci t\u00fddne KD ve sv\u00fdch sborech aktivity, kter\u00e9 jim p\u0159ipomenou, jak velik\u00fd v\u00fdznam v \u017eivot\u011b jednotlivc\u016f i spole\u010dnosti man\u017eelstv\u00ed m\u00e1. Pozv\u011bme k n\u00e1m do sboru odborn\u00edka, kter\u00fd si o man\u017eelsk\u00fdch kontrastech p\u0159iprav\u00ed p\u0159edn\u00e1\u0161ku, nebo jim nab\u00eddn\u011bme p\u0159\u00edle\u017eitost k \u00fa\u010dasti na velkoplo\u0161n\u00e9 projekci \u017eiv\u00e9ho kontaktn\u00edho po\u0159adu s odborn\u00edkem, kter\u00fd ve st\u0159edu ve\u010der 15. \u00fanora odvys\u00edl\u00e1 HopeTV. Na dobu p\u0159edn\u00e1\u0161ky pro jejich d\u011bti ve spolupr\u00e1ci s m\u00edstn\u00edm odd\u00edlem Klubu Pathfinder p\u0159ipravme zaj\u00edmav\u00fd program, nebo mal\u00fdm n\u00e1v\u0161t\u011bvn\u00edk\u016fm prom\u00edtn\u011bme po\u0159ady pln\u00e9 p\u0159\u00edb\u011bh\u016f a p\u00edsni\u010dek, kter\u00e9 pro n\u011b k NTM chyst\u00e1 televize HopeTV. V z\u00e1v\u011bru t\u00fddne zorganizujme rodinnou bohoslu\u017ebu a v ned\u011bli pro rodiny z m\u011bsta d\u011btsk\u00fd den. Kdy\u017e d\u00e1te hlavy dohromady, ur\u010dit\u011b s Bo\u017e\u00ed pomoc\u00ed n\u011bco zaj\u00edmav\u00e9ho vymysl\u00edte.<\/p>\n<p>V\u0161echny materi\u00e1ly naleznete na str\u00e1nk\u00e1ch Advent-Orion <a href=\"https:\/\/www.adventorion.cz\/ke-stazeni\/modlitebni-prednasky-2023\">zde<\/a>.<\/p>\n<p>V\u011b\u0159\u00edm, \u017ee p\u0159\u00edle\u017eitost, jako je tato, nenech\u00e1me odezn\u00edt jen tak bez pov\u0161imnut\u00ed. Modl\u00edm se za v\u00e1s.<\/p>\n<p><em>Radom\u00edr Jonczy<br \/>\nvedouc\u00ed odd\u011blen\u00ed slu\u017eby rodin\u00e1m v \u010c-S unii CASD<\/em><\/p>\n<p>Man\u017eelsk\u00e9 kontrasty: Pavel Raus a Radom\u00edr Jonczy:<br \/>\n<iframe loading=\"lazy\" width=\"560\" height=\"315\" src=\"https:\/\/www.youtube.com\/embed\/j1XaCZWwuzM\" title=\"YouTube video player\" frameborder=\"0\" allow=\"accelerometer; autoplay; clipboard-write; encrypted-media; gyroscope; picture-in-picture; web-share\" allowfullscreen><\/iframe><\/p>\n","protected":false},"excerpt":{"rendered":"<p>Od 13. do 19. \u00fanora 2023 prob\u011bhne modlitebn\u00ed t\u00fdden k\u0159es\u0165ansk\u00e9ho domova. Pro leto\u0161n\u00ed rok bylo zvoleno t\u00e9ma \u201eMan\u017eelsk\u00e9 kontrasty\u201c. Cel\u00fd t\u00fdden se tak budeme moci zam\u00fd\u0161let nad t\u00edm, zda navzdory odli\u0161nostem m\u016f\u017eeme v na\u0161ich man\u017eelstv\u00edch budovat harmonick\u00e9 vztahy. Stejn\u011b jako ka\u017ed\u00fd rok pro V\u00e1s i letos odd\u011blen\u00ed slu\u017eby rodin\u00e1m CASD ve spolupr\u00e1ci s nakladatelstv\u00edm Advent-Orion &hellip; <a href=\"https:\/\/radvanice.casd.cz\/?p=38523\" class=\"more-link\">Pokra\u010dov\u00e1n\u00ed textu <span class=\"screen-reader-text\">Modlitebn\u00ed t\u00fdden KD (N\u00e1rodn\u00ed t\u00fdden man\u017eelstv\u00ed) \u2013 13. &#8211; 19. \u00fanora 2023<\/span><\/a><\/p>\n","protected":false},"author":2,"featured_media":0,"comment_status":"closed","ping_status":"open","sticky":false,"template":"","format":"standard","meta":{"_monsterinsights_skip_tracking":false,"_monsterinsights_sitenote_active":false,"_monsterinsights_sitenote_note":"","_monsterinsights_sitenote_category":0,"ngg_post_thumbnail":0,"footnotes":""},"categories":[47],"tags":[],"class_list":["post-38523","post","type-post","status-publish","format-standard","hentry","category-ze-zivota-cirkve"],"_links":{"self":[{"href":"https:\/\/radvanice.casd.cz\/index.php?rest_route=\/wp\/v2\/posts\/38523","targetHints":{"allow":["GET"]}}],"collection":[{"href":"https:\/\/radvanice.casd.cz\/index.php?rest_route=\/wp\/v2\/posts"}],"about":[{"href":"https:\/\/radvanice.casd.cz\/index.php?rest_route=\/wp\/v2\/types\/post"}],"author":[{"embeddable":true,"href":"https:\/\/radvanice.casd.cz\/index.php?rest_route=\/wp\/v2\/users\/2"}],"replies":[{"embeddable":true,"href":"https:\/\/radvanice.casd.cz\/index.php?rest_route=%2Fwp%2Fv2%2Fcomments&post=38523"}],"version-history":[{"count":4,"href":"https:\/\/radvanice.casd.cz\/index.php?rest_route=\/wp\/v2\/posts\/38523\/revisions"}],"predecessor-version":[{"id":38534,"href":"https:\/\/radvanice.casd.cz\/index.php?rest_route=\/wp\/v2\/posts\/38523\/revisions\/38534"}],"wp:attachment":[{"href":"https:\/\/radvanice.casd.cz\/index.php?rest_route=%2Fwp%2Fv2%2Fmedia&parent=38523"}],"wp:term":[{"taxonomy":"category","embeddable":true,"href":"https:\/\/radvanice.casd.cz\/index.php?rest_route=%2Fwp%2Fv2%2Fcategories&post=38523"},{"taxonomy":"post_tag","embeddable":true,"href":"https:\/\/radvanice.casd.cz\/index.php?rest_route=%2Fwp%2Fv2%2Ftags&post=38523"}],"curies":[{"name":"wp","href":"https:\/\/api.w.org\/{rel}","templated":true}]}}