{"id":38472,"date":"2023-01-07T16:00:26","date_gmt":"2023-01-07T15:00:26","guid":{"rendered":"https:\/\/radvanice.casd.cz\/?p=38472"},"modified":"2023-01-03T12:16:51","modified_gmt":"2023-01-03T11:16:51","slug":"deset-dnu-modliteb-2023","status":"publish","type":"post","link":"https:\/\/radvanice.casd.cz\/?p=38472","title":{"rendered":"Deset dn\u016f modliteb 2023"},"content":{"rendered":"<p>Ve dnech 11. a\u017e 21. ledna 2023 po\u0159\u00e1d\u00e1 na\u0161e c\u00edrkev po cel\u00e9m sv\u011bt\u011b Deset dn\u016f modliteb za vylit\u00ed Ducha svat\u00e9ho. T\u00e9ma setk\u00e1v\u00e1n\u00ed v pr\u016fb\u011bhu t\u011bchto dn\u016f je \u201eZp\u00e1tky k olt\u00e1\u0159i: Vytvo\u0159en\u00ed m\u00edsta pro Boha\u201c.<\/p>\n<p>Krom\u011b studia zm\u00edn\u011bn\u00e9ho t\u00e9matu se m\u016f\u017eete v r\u00e1mci modlitebn\u00edch setk\u00e1n\u00ed zam\u011b\u0159it tak\u00e9 na p\u0159\u00edmluvn\u00e9 modlitby ohledn\u011b Va\u0161ich osobn\u00edch i sborov\u00fdch pot\u0159eb. <\/p>\n<p>Z\u00e1v\u011bre\u010dn\u00e1 sobota 21. ledna m\u016f\u017ee b\u00fdt vyj\u00e1d\u0159en\u00edm vd\u011b\u010dnosti za v\u0161e dobr\u00e9, co p\u0159ich\u00e1z\u00ed z Bo\u017e\u00ed ruky jako odpov\u011b\u010f na Va\u0161e spole\u010dn\u00e9 modlitby. Douf\u00e1me, \u017ee tyto podn\u011bty pomohou, aby se Deset dn\u016f modliteb stalo hlubokou zku\u0161enost\u00ed pro Va\u0161i modlitebn\u00ed skupinu \u010di sborovou rodinu.<\/p>\n<p><a href=\"http:\/\/mss.casd.cz\/wp-content\/uploads\/Deset_dnu_2023.pdf\">Materi\u00e1l k 10 dn\u016f modliteb 2023<\/a><br \/>\n<a href=\"http:\/\/mss.casd.cz\/wp-content\/uploads\/Deset_dnu_2023_Prirucka_pro_vedouci.pdf\">P\u0159\u00edru\u010dka pro vedouc\u00ed<\/a><\/p>\n","protected":false},"excerpt":{"rendered":"<p>Ve dnech 11. a\u017e 21. ledna 2023 po\u0159\u00e1d\u00e1 na\u0161e c\u00edrkev po cel\u00e9m sv\u011bt\u011b Deset dn\u016f modliteb za vylit\u00ed Ducha svat\u00e9ho. T\u00e9ma setk\u00e1v\u00e1n\u00ed v pr\u016fb\u011bhu t\u011bchto dn\u016f je \u201eZp\u00e1tky k olt\u00e1\u0159i: Vytvo\u0159en\u00ed m\u00edsta pro Boha\u201c. Krom\u011b studia zm\u00edn\u011bn\u00e9ho t\u00e9matu se m\u016f\u017eete v r\u00e1mci modlitebn\u00edch setk\u00e1n\u00ed zam\u011b\u0159it tak\u00e9 na p\u0159\u00edmluvn\u00e9 modlitby ohledn\u011b Va\u0161ich osobn\u00edch i sborov\u00fdch pot\u0159eb. &hellip; <a href=\"https:\/\/radvanice.casd.cz\/?p=38472\" class=\"more-link\">Pokra\u010dov\u00e1n\u00ed textu <span class=\"screen-reader-text\">Deset dn\u016f modliteb 2023<\/span><\/a><\/p>\n","protected":false},"author":2,"featured_media":0,"comment_status":"closed","ping_status":"open","sticky":false,"template":"","format":"standard","meta":{"_monsterinsights_skip_tracking":false,"_monsterinsights_sitenote_active":false,"_monsterinsights_sitenote_note":"","_monsterinsights_sitenote_category":0,"ngg_post_thumbnail":0,"footnotes":""},"categories":[47],"tags":[],"class_list":["post-38472","post","type-post","status-publish","format-standard","hentry","category-ze-zivota-cirkve"],"_links":{"self":[{"href":"https:\/\/radvanice.casd.cz\/index.php?rest_route=\/wp\/v2\/posts\/38472","targetHints":{"allow":["GET"]}}],"collection":[{"href":"https:\/\/radvanice.casd.cz\/index.php?rest_route=\/wp\/v2\/posts"}],"about":[{"href":"https:\/\/radvanice.casd.cz\/index.php?rest_route=\/wp\/v2\/types\/post"}],"author":[{"embeddable":true,"href":"https:\/\/radvanice.casd.cz\/index.php?rest_route=\/wp\/v2\/users\/2"}],"replies":[{"embeddable":true,"href":"https:\/\/radvanice.casd.cz\/index.php?rest_route=%2Fwp%2Fv2%2Fcomments&post=38472"}],"version-history":[{"count":1,"href":"https:\/\/radvanice.casd.cz\/index.php?rest_route=\/wp\/v2\/posts\/38472\/revisions"}],"predecessor-version":[{"id":38474,"href":"https:\/\/radvanice.casd.cz\/index.php?rest_route=\/wp\/v2\/posts\/38472\/revisions\/38474"}],"wp:attachment":[{"href":"https:\/\/radvanice.casd.cz\/index.php?rest_route=%2Fwp%2Fv2%2Fmedia&parent=38472"}],"wp:term":[{"taxonomy":"category","embeddable":true,"href":"https:\/\/radvanice.casd.cz\/index.php?rest_route=%2Fwp%2Fv2%2Fcategories&post=38472"},{"taxonomy":"post_tag","embeddable":true,"href":"https:\/\/radvanice.casd.cz\/index.php?rest_route=%2Fwp%2Fv2%2Ftags&post=38472"}],"curies":[{"name":"wp","href":"https:\/\/api.w.org\/{rel}","templated":true}]}}