{"id":38388,"date":"2022-11-03T14:24:25","date_gmt":"2022-11-03T13:24:25","guid":{"rendered":"https:\/\/radvanice.casd.cz\/?p=38388"},"modified":"2022-11-03T14:24:25","modified_gmt":"2022-11-03T13:24:25","slug":"modlitebni-tyden-2022-v-radvanicich","status":"publish","type":"post","link":"https:\/\/radvanice.casd.cz\/?p=38388","title":{"rendered":"Modlitebn\u00ed t\u00fdden 2022 v Radvanic\u00edch"},"content":{"rendered":"<p>Mil\u00e9 sestry a brat\u0159i, p\u0159\u00e1tel\u00e9 na\u0161eho sboru.<\/p>\n<p>Od t\u00e9to soboty 5. listopadu do 12. listopadu m\u00e1me p\u0159\u00edle\u017eitost spole\u010dn\u011b p\u0159istoupit p\u0159ed Bo\u017e\u00ed tr\u016fn na modlitb\u00e1ch v\u00a0r\u00e1mci Modlitebn\u00edho t\u00fddne. M\u00e1me mo\u017enost nejen \u010d\u00edst zaj\u00edmavou p\u0159edn\u00e1\u0161ku s\u00a0n\u00e1zvem \u201eB\u00fdt Je\u017e\u00ed\u0161ov\u00fdm u\u010dedn\u00edkem\u201c, ale hlavn\u011b se modlitebn\u011b podporovat, povzbuzovat a pro\u017e\u00edvat Boha bl\u00ed\u017e.<\/p>\n<p>N\u00e1\u0161 sbor se mimo sobotn\u00ed bohoslu\u017eby bude setk\u00e1vat:<\/p>\n<ul>\n<li>v\u00a0ned\u011bli 6. 11. od 18:00 na\u017eivo ve sboru na R\u00e1\u010dkov\u011b 4<\/li>\n<li>v\u00a0pond\u011bl\u00ed 7. 11. od 18:00 online na linku: <a href=\"https:\/\/meet.google.com\/ays-dcxs-wyd\">https:\/\/meet.google.com\/ays-dcxs-wyd<\/a><\/li>\n<li>ve st\u0159edu 9. 11. od 18:00 na\u017eivo ve sboru na R\u00e1\u010dkov\u011b 4<\/li>\n<\/ul>\n<p>P\u00e1te\u010dn\u00ed ve\u010dern\u00ed setk\u00e1n\u00ed 11. 11. bychom r\u00e1di vyu\u017eili na cvi\u010den\u00ed a p\u0159\u00edpravu Vzpom\u00ednkov\u00e9 soboty, kterou budeme m\u00edt 12. 11. s\u00a0bratrem Mikul\u00e1\u0161em Pavl\u00edkem.<\/p>\n<p>\u00datern\u00ed a \u010dtvrte\u010dn\u00ed ve\u010dery doporu\u010duji str\u00e1vit na modlitb\u00e1ch v\u00a0rodinn\u00e9m kruhu, nebo s\u00a0p\u0159\u00e1teli.<\/p>\n<p>Modlitebn\u00ed t\u00fdden je mo\u017enost\u00ed b\u00fdt si bl\u00ed\u017e spolu, s\u00a0na\u0161\u00edm Bohem a pro\u017e\u00edt moc modlitby!<br \/>\nT\u011b\u0161\u00edme na spole\u010dn\u00e1 setk\u00e1n\u00ed. Ka\u017ed\u00fd je srde\u010dn\u011b zv\u00e1n!<\/p>\n<p>S\u00a0p\u0159\u00e1n\u00edm Bo\u017e\u00edho veden\u00ed a Jeho pokoje v na\u0161ich srdc\u00edch zdrav\u00ed<br \/>\n<em>Dan Ka\u0161l\u00edk, kazatel sboru<\/em><\/p>\n","protected":false},"excerpt":{"rendered":"<p>Mil\u00e9 sestry a brat\u0159i, p\u0159\u00e1tel\u00e9 na\u0161eho sboru. Od t\u00e9to soboty 5. listopadu do 12. listopadu m\u00e1me p\u0159\u00edle\u017eitost spole\u010dn\u011b p\u0159istoupit p\u0159ed Bo\u017e\u00ed tr\u016fn na modlitb\u00e1ch v\u00a0r\u00e1mci Modlitebn\u00edho t\u00fddne. M\u00e1me mo\u017enost nejen \u010d\u00edst zaj\u00edmavou p\u0159edn\u00e1\u0161ku s\u00a0n\u00e1zvem \u201eB\u00fdt Je\u017e\u00ed\u0161ov\u00fdm u\u010dedn\u00edkem\u201c, ale hlavn\u011b se modlitebn\u011b podporovat, povzbuzovat a pro\u017e\u00edvat Boha bl\u00ed\u017e. N\u00e1\u0161 sbor se mimo sobotn\u00ed bohoslu\u017eby bude setk\u00e1vat: &hellip; <a href=\"https:\/\/radvanice.casd.cz\/?p=38388\" class=\"more-link\">Pokra\u010dov\u00e1n\u00ed textu <span class=\"screen-reader-text\">Modlitebn\u00ed t\u00fdden 2022 v Radvanic\u00edch<\/span><\/a><\/p>\n","protected":false},"author":2,"featured_media":0,"comment_status":"closed","ping_status":"open","sticky":false,"template":"","format":"standard","meta":{"_monsterinsights_skip_tracking":false,"_monsterinsights_sitenote_active":false,"_monsterinsights_sitenote_note":"","_monsterinsights_sitenote_category":0,"ngg_post_thumbnail":0,"footnotes":""},"categories":[19],"tags":[],"class_list":["post-38388","post","type-post","status-publish","format-standard","hentry","category-ze-zivota-sboru"],"_links":{"self":[{"href":"https:\/\/radvanice.casd.cz\/index.php?rest_route=\/wp\/v2\/posts\/38388","targetHints":{"allow":["GET"]}}],"collection":[{"href":"https:\/\/radvanice.casd.cz\/index.php?rest_route=\/wp\/v2\/posts"}],"about":[{"href":"https:\/\/radvanice.casd.cz\/index.php?rest_route=\/wp\/v2\/types\/post"}],"author":[{"embeddable":true,"href":"https:\/\/radvanice.casd.cz\/index.php?rest_route=\/wp\/v2\/users\/2"}],"replies":[{"embeddable":true,"href":"https:\/\/radvanice.casd.cz\/index.php?rest_route=%2Fwp%2Fv2%2Fcomments&post=38388"}],"version-history":[{"count":2,"href":"https:\/\/radvanice.casd.cz\/index.php?rest_route=\/wp\/v2\/posts\/38388\/revisions"}],"predecessor-version":[{"id":38898,"href":"https:\/\/radvanice.casd.cz\/index.php?rest_route=\/wp\/v2\/posts\/38388\/revisions\/38898"}],"wp:attachment":[{"href":"https:\/\/radvanice.casd.cz\/index.php?rest_route=%2Fwp%2Fv2%2Fmedia&parent=38388"}],"wp:term":[{"taxonomy":"category","embeddable":true,"href":"https:\/\/radvanice.casd.cz\/index.php?rest_route=%2Fwp%2Fv2%2Fcategories&post=38388"},{"taxonomy":"post_tag","embeddable":true,"href":"https:\/\/radvanice.casd.cz\/index.php?rest_route=%2Fwp%2Fv2%2Ftags&post=38388"}],"curies":[{"name":"wp","href":"https:\/\/api.w.org\/{rel}","templated":true}]}}