{"id":38378,"date":"2022-11-01T10:17:33","date_gmt":"2022-11-01T09:17:33","guid":{"rendered":"https:\/\/radvanice.casd.cz\/?p=38378"},"modified":"2022-11-01T10:19:42","modified_gmt":"2022-11-01T09:19:42","slug":"modlitebni-tyden-5-12-listopadu-2021","status":"publish","type":"post","link":"https:\/\/radvanice.casd.cz\/?p=38378","title":{"rendered":"Modlitebn\u00ed t\u00fdden (5. \u2013 12. listopadu 2022)"},"content":{"rendered":"<p><em>\u201eJ\u00e1 jsem vinn\u00fd kmen, vy jste ratolesti. Kdo z\u016fst\u00e1v\u00e1 ve mn\u011b a j\u00e1 v n\u011bm, ten nese hojn\u00e9 ovoce, nebo\u0165 beze mne nem\u016f\u017eete \u010dinit nic.\u201c (J 15,5)<\/em><\/p>\n<p>B\u011bhem leto\u0161n\u00edho modlitebn\u00edho t\u00fddne, kter\u00fd bude prob\u00edhat od 5. do 12. listopadu, se budeme zab\u00fdvat t\u00e9matem: \u201e<strong>B\u00fdt Je\u017e\u00ed\u0161ov\u00fdm u\u010dedn\u00edkem<\/strong>\u201c. Je\u017e\u00ed\u0161 n\u00e1s zve k tomu, abychom se stali jeho u\u010dedn\u00edky. St\u00e1v\u00e1me se u\u010dedn\u00edky t\u00edm, \u017ee n\u00e1sledujeme Je\u017e\u00ed\u0161e a vede n\u00e1s to ke slu\u017eb\u011b druh\u00fdm lidem? Tr\u00e1v\u00edme s n\u00edm \u010das p\u0159i studiu Bible, na modlitb\u011b a nech\u00e1v\u00e1me se j\u00edm v\u00e9st?<\/p>\n<p>P\u0159edn\u00e1\u0161ky modlitebn\u00edho t\u00fddne jsou p\u0159\u00edle\u017eitost\u00ed k tomu, abychom \u201ebyli s Je\u017e\u00ed\u0161em\u201c (viz Sk 4,13). Ka\u017ed\u00fd den m\u016f\u017eeme p\u0159em\u00fd\u0161let nad t\u00edm, co znamen\u00e1 n\u00e1sledovat Je\u017e\u00ed\u0161e Krista a jak\u00fdm zp\u016fsobem napl\u0148ovat tuto v\u00fdzvu v praktick\u00e9m \u017eivot\u011b.<\/p>\n<p>P\u0159edn\u00e1\u0161ky jsou ke sta\u017een\u00ed na <a href=\"https:\/\/www.adventorion.cz\/ke-stazeni\/modlitebni-prednasky-2022\">https:\/\/www.adventorion.cz\/ke-stazeni\/modlitebni-prednasky-2022<\/a> (Advent \u010d. 8\/2022).<\/p>\n<p>V p\u0159edn\u00e1\u0161k\u00e1ch se nezapom\u00edn\u00e1 ani na na\u0161e d\u011bti, kter\u00fdm je v\u011bnov\u00e1na druh\u00e1 \u010d\u00e1st materi\u00e1lu.<\/p>\n<p>V sobotu 12. listopadu se bude konat sb\u00edrka modlitebn\u00edho t\u00fddne pro celosv\u011btov\u00e9 misijn\u00ed projekty Gener\u00e1ln\u00ed konference. V\u00edce se dozv\u00edte <a href=\"https:\/\/www.casd.cz\/wp-content\/uploads\/2022\/10\/sbirka-modlitebniho-tydne-2022.pdf\">zde<\/a>.<\/p>\n<p>P\u0159ejeme V\u00e1m v\u0161em Bo\u017e\u00ed po\u017eehn\u00e1n\u00ed ze vz\u00e1jemn\u00e9ho spole\u010denstv\u00ed, radost p\u0159i studiu Bo\u017e\u00edho slova a napln\u011bn\u00ed Bo\u017e\u00edm Duchem p\u0159i modlitebn\u00edch setk\u00e1v\u00e1n\u00edch. V p\u0159\u00edmluvn\u00fdch modlitb\u00e1ch nezapom\u00ednejme na ty, kter\u00fdch se p\u0159\u00edmo dot\u00fdk\u00e1 v\u00e1le\u010dn\u00fd konflikt, nebo jsou v ohro\u017een\u00ed \u017eivota.<\/p>\n<p><!--more--><\/p>\n<hr>\n<p>P\u0159ed 2 000 lety Je\u017e\u00ed\u0161 pozval malou skupinu ryb\u00e1\u0159\u016f na pob\u0159e\u017e\u00ed Galilejsk\u00e9ho jezera slovy: \u201ePoj\u010fte za mnou a u\u010din\u00edm z v\u00e1s ryb\u00e1\u0159e lid\u00ed\u201c (Mt 4,19). Oni \u201eihned opustili lo\u010f (\u2026) a \u0161li za n\u00edm\u201c (Mt 4,22). A jak tr\u00e1vili \u010das s Je\u017e\u00ed\u0161em, jejich \u017eivoty se nav\u017edy prom\u011bnily.<\/p>\n<p>Tak\u00e9 dnes Je\u017e\u00ed\u0161 st\u00e1le vol\u00e1 lidi k tomu, aby se stali jeho u\u010dedn\u00edky. St\u00e1v\u00e1me se u\u010dedn\u00edky t\u00edm, \u017ee n\u00e1sledujeme Je\u017e\u00ed\u0161e. Tr\u00e1v\u00edme s n\u00edm \u010das p\u0159i studiu Bible a na modlitb\u011b a nech\u00e1v\u00e1me se j\u00edm v\u00e9st. P\u0159i \u010dten\u00ed P\u00edsma m\u016f\u017eeme vlastn\u011b sed\u011bt u Je\u017e\u00ed\u0161ov\u00fdch nohou a naslouchat jeho u\u010den\u00ed. Sledujeme, jak uzdravuje slep\u00e9ho a chrom\u00e9ho. Vid\u00edme jeho z\u00e1pal p\u0159i vy\u010di\u0161t\u011bn\u00ed chr\u00e1mu i jeho laskavost, kdy\u017e \u017eehn\u00e1 d\u011btem. D\u00edv\u00e1me se, jak projevuje l\u00e1sku sv\u00fdm nep\u0159\u00e1tel\u016fm a jak proz\u00edrav\u011b vede sv\u00e9 p\u0159\u00e1tele. Stejn\u011b jako kdysi jeho u\u010dedn\u00edci i my naslouch\u00e1me jeho hlubok\u00e9mu u\u010den\u00ed. V \u00fadivu sledujeme z\u00e1v\u011bre\u010dn\u00e9 chv\u00edle jeho pozemsk\u00e9ho \u017eivota. Radujeme se p\u0159i Kristov\u011b vzk\u0159\u00ed\u0161en\u00ed. Doprov\u00e1z\u00edme u\u010dedn\u00edky p\u0159i jejich cest\u011b do Emaus, kdy\u017e Je\u017e\u00ed\u0161: \u201eza\u010dal od Moj\u017e\u00ed\u0161e a v\u0161ech prorok\u016f a vykl\u00e1dal jim to, co se na n\u011bho vztahovalo ve v\u0161ech \u010d\u00e1stech P\u00edsma\u201c (L 24,27).<\/p>\n<p>Kdy\u017e jsme \u201ebyli s Je\u017e\u00ed\u0161em\u201c (viz Sk 4,13), jsme pak p\u0159ipraveni p\u0159ijmout jeho pozv\u00e1n\u00ed: \u201eJd\u011bte ke v\u0161em n\u00e1rod\u016fm a z\u00edsk\u00e1vejte mi u\u010dedn\u00edky, k\u0159t\u011bte je ve jm\u00e9no Otce i Syna i Ducha svat\u00e9ho a u\u010dte je, aby zachov\u00e1vali v\u0161ecko, co jsem v\u00e1m p\u0159ik\u00e1zal. A hle, j\u00e1 jsem s v\u00e1mi po v\u0161echny dny a\u017e do skon\u00e1n\u00ed tohoto v\u011bku\u201c (Mt 28,18\u201320).<\/p>\n<p>Zvu v\u00e1s k tomu, abyste \u201ebyli\u201c s Je\u017e\u00ed\u0161em b\u011bhem tohoto modlitebn\u00edho t\u00fddne, kdy budeme p\u0159em\u00fd\u0161let nad t\u00edm, co znamen\u00e1 n\u00e1sledovat Krista. <\/p>\n<p><i>Ted N. C. Wilson,<br \/>\np\u0159edseda Gener\u00e1ln\u00ed konference C\u00edrkve adventist\u016f sedm\u00e9ho dne<\/i><\/p>\n","protected":false},"excerpt":{"rendered":"<p>\u201eJ\u00e1 jsem vinn\u00fd kmen, vy jste ratolesti. Kdo z\u016fst\u00e1v\u00e1 ve mn\u011b a j\u00e1 v n\u011bm, ten nese hojn\u00e9 ovoce, nebo\u0165 beze mne nem\u016f\u017eete \u010dinit nic.\u201c (J 15,5) B\u011bhem leto\u0161n\u00edho modlitebn\u00edho t\u00fddne, kter\u00fd bude prob\u00edhat od 5. do 12. listopadu, se budeme zab\u00fdvat t\u00e9matem: \u201eB\u00fdt Je\u017e\u00ed\u0161ov\u00fdm u\u010dedn\u00edkem\u201c. Je\u017e\u00ed\u0161 n\u00e1s zve k tomu, abychom se stali jeho &hellip; <a href=\"https:\/\/radvanice.casd.cz\/?p=38378\" class=\"more-link\">Pokra\u010dov\u00e1n\u00ed textu <span class=\"screen-reader-text\">Modlitebn\u00ed t\u00fdden (5. \u2013 12. listopadu 2022)<\/span><\/a><\/p>\n","protected":false},"author":2,"featured_media":0,"comment_status":"closed","ping_status":"open","sticky":false,"template":"","format":"standard","meta":{"_monsterinsights_skip_tracking":false,"_monsterinsights_sitenote_active":false,"_monsterinsights_sitenote_note":"","_monsterinsights_sitenote_category":0,"ngg_post_thumbnail":0,"footnotes":""},"categories":[47,19],"tags":[],"class_list":["post-38378","post","type-post","status-publish","format-standard","hentry","category-ze-zivota-cirkve","category-ze-zivota-sboru"],"_links":{"self":[{"href":"https:\/\/radvanice.casd.cz\/index.php?rest_route=\/wp\/v2\/posts\/38378","targetHints":{"allow":["GET"]}}],"collection":[{"href":"https:\/\/radvanice.casd.cz\/index.php?rest_route=\/wp\/v2\/posts"}],"about":[{"href":"https:\/\/radvanice.casd.cz\/index.php?rest_route=\/wp\/v2\/types\/post"}],"author":[{"embeddable":true,"href":"https:\/\/radvanice.casd.cz\/index.php?rest_route=\/wp\/v2\/users\/2"}],"replies":[{"embeddable":true,"href":"https:\/\/radvanice.casd.cz\/index.php?rest_route=%2Fwp%2Fv2%2Fcomments&post=38378"}],"version-history":[{"count":2,"href":"https:\/\/radvanice.casd.cz\/index.php?rest_route=\/wp\/v2\/posts\/38378\/revisions"}],"predecessor-version":[{"id":38380,"href":"https:\/\/radvanice.casd.cz\/index.php?rest_route=\/wp\/v2\/posts\/38378\/revisions\/38380"}],"wp:attachment":[{"href":"https:\/\/radvanice.casd.cz\/index.php?rest_route=%2Fwp%2Fv2%2Fmedia&parent=38378"}],"wp:term":[{"taxonomy":"category","embeddable":true,"href":"https:\/\/radvanice.casd.cz\/index.php?rest_route=%2Fwp%2Fv2%2Fcategories&post=38378"},{"taxonomy":"post_tag","embeddable":true,"href":"https:\/\/radvanice.casd.cz\/index.php?rest_route=%2Fwp%2Fv2%2Ftags&post=38378"}],"curies":[{"name":"wp","href":"https:\/\/api.w.org\/{rel}","templated":true}]}}