{"id":38362,"date":"2022-10-18T14:48:02","date_gmt":"2022-10-18T12:48:02","guid":{"rendered":"https:\/\/radvanice.casd.cz\/?p=38362"},"modified":"2022-10-22T23:59:49","modified_gmt":"2022-10-22T21:59:49","slug":"pozvanka-na-sobotu-dikuvzdani-22-10-2022","status":"publish","type":"post","link":"https:\/\/radvanice.casd.cz\/?p=38362","title":{"rendered":"Pozv\u00e1nka na Sobotu D\u00edkuvzd\u00e1n\u00ed (22. 10. 2022)"},"content":{"rendered":"<p>Srde\u010dn\u011b V\u00e1s zveme na sobotn\u00ed dopoledn\u00ed bohoslu\u017ebu D\u00edkuvzd\u00e1n\u00ed, kter\u00e1 se uskute\u010dn\u00ed 22. \u0159\u00edjna od 9:30 v na\u0161em Radvanick\u00e9m sboru. Bude zaji\u0161t\u011bn spole\u010dn\u00fd ob\u011bd.<\/p>\n<p>T\u011b\u0161\u00edme se na po\u017eehnan\u00fd \u010das s V\u00e1mi a Bohem.<\/p>\n<p><a href=\"https:\/\/radvanice.casd.cz\/wp-content\/uploads\/pozvanka_dikuvzdani_2022.jpg\"><img loading=\"lazy\" decoding=\"async\" src=\"https:\/\/radvanice.casd.cz\/wp-content\/uploads\/pozvanka_dikuvzdani_2022-724x1024.jpg\" alt=\"\" width=\"625\" height=\"884\" class=\"aligncenter size-large wp-image-38363\" srcset=\"https:\/\/radvanice.casd.cz\/wp-content\/uploads\/pozvanka_dikuvzdani_2022-724x1024.jpg 724w, https:\/\/radvanice.casd.cz\/wp-content\/uploads\/pozvanka_dikuvzdani_2022-212x300.jpg 212w, https:\/\/radvanice.casd.cz\/wp-content\/uploads\/pozvanka_dikuvzdani_2022-768x1086.jpg 768w, https:\/\/radvanice.casd.cz\/wp-content\/uploads\/pozvanka_dikuvzdani_2022-1086x1536.jpg 1086w, https:\/\/radvanice.casd.cz\/wp-content\/uploads\/pozvanka_dikuvzdani_2022-1448x2048.jpg 1448w, https:\/\/radvanice.casd.cz\/wp-content\/uploads\/pozvanka_dikuvzdani_2022-624x883.jpg 624w, https:\/\/radvanice.casd.cz\/wp-content\/uploads\/pozvanka_dikuvzdani_2022.jpg 1587w\" sizes=\"auto, (max-width: 625px) 100vw, 625px\" \/><\/a><\/p>\n","protected":false},"excerpt":{"rendered":"<p>Srde\u010dn\u011b V\u00e1s zveme na sobotn\u00ed dopoledn\u00ed bohoslu\u017ebu D\u00edkuvzd\u00e1n\u00ed, kter\u00e1 se uskute\u010dn\u00ed 22. \u0159\u00edjna od 9:30 v na\u0161em Radvanick\u00e9m sboru. Bude zaji\u0161t\u011bn spole\u010dn\u00fd ob\u011bd. T\u011b\u0161\u00edme se na po\u017eehnan\u00fd \u010das s V\u00e1mi a Bohem.<\/p>\n","protected":false},"author":2,"featured_media":0,"comment_status":"closed","ping_status":"open","sticky":false,"template":"","format":"standard","meta":{"_monsterinsights_skip_tracking":false,"_monsterinsights_sitenote_active":false,"_monsterinsights_sitenote_note":"","_monsterinsights_sitenote_category":0,"ngg_post_thumbnail":0,"footnotes":""},"categories":[18],"tags":[],"class_list":["post-38362","post","type-post","status-publish","format-standard","hentry","category-pozvanky"],"_links":{"self":[{"href":"https:\/\/radvanice.casd.cz\/index.php?rest_route=\/wp\/v2\/posts\/38362","targetHints":{"allow":["GET"]}}],"collection":[{"href":"https:\/\/radvanice.casd.cz\/index.php?rest_route=\/wp\/v2\/posts"}],"about":[{"href":"https:\/\/radvanice.casd.cz\/index.php?rest_route=\/wp\/v2\/types\/post"}],"author":[{"embeddable":true,"href":"https:\/\/radvanice.casd.cz\/index.php?rest_route=\/wp\/v2\/users\/2"}],"replies":[{"embeddable":true,"href":"https:\/\/radvanice.casd.cz\/index.php?rest_route=%2Fwp%2Fv2%2Fcomments&post=38362"}],"version-history":[{"count":1,"href":"https:\/\/radvanice.casd.cz\/index.php?rest_route=\/wp\/v2\/posts\/38362\/revisions"}],"predecessor-version":[{"id":38364,"href":"https:\/\/radvanice.casd.cz\/index.php?rest_route=\/wp\/v2\/posts\/38362\/revisions\/38364"}],"wp:attachment":[{"href":"https:\/\/radvanice.casd.cz\/index.php?rest_route=%2Fwp%2Fv2%2Fmedia&parent=38362"}],"wp:term":[{"taxonomy":"category","embeddable":true,"href":"https:\/\/radvanice.casd.cz\/index.php?rest_route=%2Fwp%2Fv2%2Fcategories&post=38362"},{"taxonomy":"post_tag","embeddable":true,"href":"https:\/\/radvanice.casd.cz\/index.php?rest_route=%2Fwp%2Fv2%2Ftags&post=38362"}],"curies":[{"name":"wp","href":"https:\/\/api.w.org\/{rel}","templated":true}]}}