{"id":38083,"date":"2022-06-21T12:00:04","date_gmt":"2022-06-21T10:00:04","guid":{"rendered":"https:\/\/radvanice.casd.cz\/?p=38083"},"modified":"2022-06-24T22:19:26","modified_gmt":"2022-06-24T20:19:26","slug":"posledni-rozlouceni-se-sestrou-evou-becakovou-20-cervna-2022","status":"publish","type":"post","link":"https:\/\/radvanice.casd.cz\/?p=38083","title":{"rendered":"Posledn\u00ed rozlou\u010den\u00ed se sestrou Evou B\u011b\u010d\u00e1kovou (20. \u010dervna 2022)"},"content":{"rendered":"<p><a href=\"https:\/\/radvanice.casd.cz\/wp-content\/uploads\/eva_becakova.jpg\"><img loading=\"lazy\" decoding=\"async\" src=\"https:\/\/radvanice.casd.cz\/wp-content\/uploads\/eva_becakova-150x150.jpg\" alt=\"\" width=\"150\" height=\"150\" class=\"alignleft size-thumbnail wp-image-38134\" srcset=\"https:\/\/radvanice.casd.cz\/wp-content\/uploads\/eva_becakova-150x150.jpg 150w, https:\/\/radvanice.casd.cz\/wp-content\/uploads\/eva_becakova-75x75.jpg 75w\" sizes=\"auto, (max-width: 150px) 100vw, 150px\" \/><\/a>Ve st\u0159edu 8. \u010dervna 2022 po dlouh\u00e9 nemoci ve v\u011bku 79 let, byla sv\u00fdm Bohem povol\u00e1na k do\u010dasn\u00e9mu odpo\u010dinku na\u0161e sestra v Kristu <a href=\"https:\/\/radvanice.casd.cz\/wp-content\/uploads\/smutecni_oznameni_eva_becakova-3.jpg\">Eva B\u011b\u010d\u00e1kov\u00e1<\/a>. Posledn\u00ed rozlou\u010den\u00ed se sestrou prob\u011bhlo v pond\u011bl\u00ed 20. \u010dervna ve 14:00 v ob\u0159adn\u00ed s\u00edni na m\u00edstn\u00edm h\u0159bitov\u011b v \u0160enov\u011b.<\/p>\n","protected":false},"excerpt":{"rendered":"<p>Ve st\u0159edu 8. \u010dervna 2022 po dlouh\u00e9 nemoci ve v\u011bku 79 let, byla sv\u00fdm Bohem povol\u00e1na k do\u010dasn\u00e9mu odpo\u010dinku na\u0161e sestra v Kristu Eva B\u011b\u010d\u00e1kov\u00e1. Posledn\u00ed rozlou\u010den\u00ed se sestrou prob\u011bhlo v pond\u011bl\u00ed 20. \u010dervna ve 14:00 v ob\u0159adn\u00ed s\u00edni na m\u00edstn\u00edm h\u0159bitov\u011b v \u0160enov\u011b.<\/p>\n","protected":false},"author":2,"featured_media":0,"comment_status":"closed","ping_status":"open","sticky":false,"template":"","format":"standard","meta":{"_monsterinsights_skip_tracking":false,"_monsterinsights_sitenote_active":false,"_monsterinsights_sitenote_note":"","_monsterinsights_sitenote_category":0,"ngg_post_thumbnail":0,"footnotes":""},"categories":[19],"tags":[],"class_list":["post-38083","post","type-post","status-publish","format-standard","hentry","category-ze-zivota-sboru"],"_links":{"self":[{"href":"https:\/\/radvanice.casd.cz\/index.php?rest_route=\/wp\/v2\/posts\/38083","targetHints":{"allow":["GET"]}}],"collection":[{"href":"https:\/\/radvanice.casd.cz\/index.php?rest_route=\/wp\/v2\/posts"}],"about":[{"href":"https:\/\/radvanice.casd.cz\/index.php?rest_route=\/wp\/v2\/types\/post"}],"author":[{"embeddable":true,"href":"https:\/\/radvanice.casd.cz\/index.php?rest_route=\/wp\/v2\/users\/2"}],"replies":[{"embeddable":true,"href":"https:\/\/radvanice.casd.cz\/index.php?rest_route=%2Fwp%2Fv2%2Fcomments&post=38083"}],"version-history":[{"count":5,"href":"https:\/\/radvanice.casd.cz\/index.php?rest_route=\/wp\/v2\/posts\/38083\/revisions"}],"predecessor-version":[{"id":38135,"href":"https:\/\/radvanice.casd.cz\/index.php?rest_route=\/wp\/v2\/posts\/38083\/revisions\/38135"}],"wp:attachment":[{"href":"https:\/\/radvanice.casd.cz\/index.php?rest_route=%2Fwp%2Fv2%2Fmedia&parent=38083"}],"wp:term":[{"taxonomy":"category","embeddable":true,"href":"https:\/\/radvanice.casd.cz\/index.php?rest_route=%2Fwp%2Fv2%2Fcategories&post=38083"},{"taxonomy":"post_tag","embeddable":true,"href":"https:\/\/radvanice.casd.cz\/index.php?rest_route=%2Fwp%2Fv2%2Ftags&post=38083"}],"curies":[{"name":"wp","href":"https:\/\/api.w.org\/{rel}","templated":true}]}}