{"id":38066,"date":"2022-06-22T12:00:14","date_gmt":"2022-06-22T10:00:14","guid":{"rendered":"https:\/\/radvanice.casd.cz\/?p=38066"},"modified":"2022-06-24T22:22:11","modified_gmt":"2022-06-24T20:22:11","slug":"mezinarodni-setkani-cirkve-v-st-louis","status":"publish","type":"post","link":"https:\/\/radvanice.casd.cz\/?p=38066","title":{"rendered":"Mezin\u00e1rodn\u00ed setk\u00e1n\u00ed c\u00edrkve v St. Louis (6. &#8211; 11. \u010dervna 2022)"},"content":{"rendered":"<p>V americk\u00e9m St. Louis prob\u011bhlo od 6. do 11. \u010dervna setk\u00e1n\u00ed Gener\u00e1ln\u00ed konference C\u00edrkve adventist\u016f sedm\u00e9ho dne.<br \/>\nAktu\u00e1ln\u00ed informace jste mohli naj\u00edt <a href=\"https:\/\/www.casd.cz\/aktuality\/\">na str\u00e1nk\u00e1ch na\u0161\u00ed unie<\/a> nebo <a href=\"https:\/\/www.facebook.com\/otevrenydiar\">v Otev\u0159en\u00e9m di\u00e1\u0159i Mikul\u00e1\u0161e Pavl\u00edka<\/a>. Videozpr\u00e1vy z tohoto setk\u00e1n\u00ed naleznete tak\u00e9 nap\u0159\u00edklad <a href=\"https:\/\/www.hopetv.cz\/aktuality\/\">na \u010desk\u00fdch str\u00e1nk\u00e1ch HopeTV<\/a>.<br \/>\nOfici\u00e1ln\u00ed str\u00e1nky tohoto mezin\u00e1rodn\u00edho setk\u00e1n\u00ed c\u00edrkve <a href=\"https:\/\/www.gcsession.org\/\">najdete zde<\/a>.<\/p>\n<ul>\nOdkazy na \u010desk\u00e9 videozpr\u00e1vy ze setk\u00e1n\u00ed:<\/p>\n<li><a href=\"https:\/\/youtu.be\/WXTp3S2Fm88\">Prvn\u00ed den<\/a><\/li>\n<li><a href=\"https:\/\/youtu.be\/6p8dizQgSw0\">Druh\u00fd den<\/a><\/li>\n<li><a href=\"https:\/\/youtu.be\/kfSk_PtmoUc\">T\u0159et\u00ed den<\/a><\/li>\n<li><a href=\"https:\/\/youtu.be\/lOISwVB13TY\">\u010ctvrt\u00fd den<\/a><\/li>\n<li><a href=\"https:\/\/youtu.be\/Km7Jt6Wy2DQ\">Sobota #1<\/a><\/li>\n<li><a href=\"https:\/\/youtu.be\/mHGFn6sCFX0\">Sobota #2<\/a><\/li>\n<\/ul>\n<ul>\nOdkazy na cel\u00fd z\u00e1znam ze setk\u00e1n\u00ed v anglick\u00e9m jazyce:<\/p>\n<li><a href=\"https:\/\/youtu.be\/BBH4307_QjE\">Pond\u011bl\u00ed &#8211; r\u00e1no<\/a><\/li>\n<li><a href=\"https:\/\/youtu.be\/0OzKSZVX0_U\">Pond\u011bl\u00ed &#8211; odpoledne<\/a><\/li>\n<li><a href=\"https:\/\/youtu.be\/0tzrCLY58s4\">Pond\u011bl\u00ed &#8211; ve\u010der<\/a><\/li>\n<li><a href=\"https:\/\/youtu.be\/GWK3bizS50Y\">\u00dater\u00fd &#8211; r\u00e1no<\/a><\/li>\n<li><a href=\"https:\/\/youtu.be\/dldeuq7xuDQ\">\u00dater\u00fd &#8211; odpoledne<\/a><\/li>\n<li><a href=\"https:\/\/youtu.be\/QaYEha2r2qA\">\u00dater\u00fd &#8211; ve\u010der<\/a><\/li>\n<li><a href=\"https:\/\/youtu.be\/5GrNNZVJA-4\">St\u0159eda &#8211; r\u00e1no<\/a><\/li>\n<li><a href=\"https:\/\/youtu.be\/8qWH-aINR4w\">St\u0159eda &#8211; odpoledne<\/a><\/li>\n<li><a href=\"https:\/\/youtu.be\/WH69mbRlh8A\">St\u0159eda &#8211; ve\u010der<\/a><\/li>\n<li><a href=\"https:\/\/youtu.be\/OhNn0SUUz9U\">\u010ctvrtek &#8211; r\u00e1no<\/a><\/li>\n<li><a href=\"https:\/\/youtu.be\/JuZSsjkq4Xw\">\u010ctvrtek &#8211; odpoledne<\/a><\/li>\n<li><a href=\"https:\/\/youtu.be\/Zjb2qmwlSwY\">\u010ctvrtek &#8211; ve\u010der<\/a><\/li>\n<li><a href=\"https:\/\/youtu.be\/qK5V1kgHvK0\">P\u00e1tek &#8211; r\u00e1no<\/a><\/li>\n<li><a href=\"https:\/\/youtu.be\/1i2k-WddL2Y\">P\u00e1tek &#8211; odpoledne<\/a><\/li>\n<li><a href=\"https:\/\/youtu.be\/0_PVNDcyKXo\">P\u00e1tek &#8211; ve\u010der<\/a><\/li>\n<li><a href=\"https:\/\/youtu.be\/akdrVgldKD8\">Sobota &#8211; r\u00e1no<\/a><\/li>\n<li><a href=\"https:\/\/youtu.be\/XhCk3Sqa_5E\">Sobota &#8211; odpoledne<\/a><\/li>\n<\/ul>\n","protected":false},"excerpt":{"rendered":"<p>V americk\u00e9m St. Louis prob\u011bhlo od 6. do 11. \u010dervna setk\u00e1n\u00ed Gener\u00e1ln\u00ed konference C\u00edrkve adventist\u016f sedm\u00e9ho dne. Aktu\u00e1ln\u00ed informace jste mohli naj\u00edt na str\u00e1nk\u00e1ch na\u0161\u00ed unie nebo v Otev\u0159en\u00e9m di\u00e1\u0159i Mikul\u00e1\u0161e Pavl\u00edka. Videozpr\u00e1vy z tohoto setk\u00e1n\u00ed naleznete tak\u00e9 nap\u0159\u00edklad na \u010desk\u00fdch str\u00e1nk\u00e1ch HopeTV. Ofici\u00e1ln\u00ed str\u00e1nky tohoto mezin\u00e1rodn\u00edho setk\u00e1n\u00ed c\u00edrkve najdete zde. Odkazy na \u010desk\u00e9 videozpr\u00e1vy &hellip; <a href=\"https:\/\/radvanice.casd.cz\/?p=38066\" class=\"more-link\">Pokra\u010dov\u00e1n\u00ed textu <span class=\"screen-reader-text\">Mezin\u00e1rodn\u00ed setk\u00e1n\u00ed c\u00edrkve v St. Louis (6. &#8211; 11. \u010dervna 2022)<\/span><\/a><\/p>\n","protected":false},"author":2,"featured_media":0,"comment_status":"closed","ping_status":"open","sticky":false,"template":"","format":"standard","meta":{"_monsterinsights_skip_tracking":false,"_monsterinsights_sitenote_active":false,"_monsterinsights_sitenote_note":"","_monsterinsights_sitenote_category":0,"ngg_post_thumbnail":0,"footnotes":""},"categories":[47],"tags":[],"class_list":["post-38066","post","type-post","status-publish","format-standard","hentry","category-ze-zivota-cirkve"],"_links":{"self":[{"href":"https:\/\/radvanice.casd.cz\/index.php?rest_route=\/wp\/v2\/posts\/38066","targetHints":{"allow":["GET"]}}],"collection":[{"href":"https:\/\/radvanice.casd.cz\/index.php?rest_route=\/wp\/v2\/posts"}],"about":[{"href":"https:\/\/radvanice.casd.cz\/index.php?rest_route=\/wp\/v2\/types\/post"}],"author":[{"embeddable":true,"href":"https:\/\/radvanice.casd.cz\/index.php?rest_route=\/wp\/v2\/users\/2"}],"replies":[{"embeddable":true,"href":"https:\/\/radvanice.casd.cz\/index.php?rest_route=%2Fwp%2Fv2%2Fcomments&post=38066"}],"version-history":[{"count":5,"href":"https:\/\/radvanice.casd.cz\/index.php?rest_route=\/wp\/v2\/posts\/38066\/revisions"}],"predecessor-version":[{"id":38114,"href":"https:\/\/radvanice.casd.cz\/index.php?rest_route=\/wp\/v2\/posts\/38066\/revisions\/38114"}],"wp:attachment":[{"href":"https:\/\/radvanice.casd.cz\/index.php?rest_route=%2Fwp%2Fv2%2Fmedia&parent=38066"}],"wp:term":[{"taxonomy":"category","embeddable":true,"href":"https:\/\/radvanice.casd.cz\/index.php?rest_route=%2Fwp%2Fv2%2Fcategories&post=38066"},{"taxonomy":"post_tag","embeddable":true,"href":"https:\/\/radvanice.casd.cz\/index.php?rest_route=%2Fwp%2Fv2%2Ftags&post=38066"}],"curies":[{"name":"wp","href":"https:\/\/api.w.org\/{rel}","templated":true}]}}