{"id":38025,"date":"2022-05-17T12:12:16","date_gmt":"2022-05-17T10:12:16","guid":{"rendered":"https:\/\/radvanice.casd.cz\/?p=38025"},"modified":"2022-05-17T14:33:04","modified_gmt":"2022-05-17T12:33:04","slug":"spolecna-bohosluzba-ostravskych-sboru-v-mariankach-21-kvetna-2022","status":"publish","type":"post","link":"https:\/\/radvanice.casd.cz\/?p=38025","title":{"rendered":"Spole\u010dn\u00e1 bohoslu\u017eba ostravsk\u00fdch sbor\u016f v Mari\u00e1nk\u00e1ch (21. kv\u011btna 2022)"},"content":{"rendered":"<p><strong>V sobotu 21. kv\u011btna 2022 se v na\u0161\u00ed modlitebn\u011b pobo\u017enost konat nebude.<\/strong> Zveme v\u00e1s na spole\u010dnou bohoslu\u017ebu ostravsk\u00fdch sbor\u016f ve sboru Ostrava-Mari\u00e1nsk\u00e9 Hory, kter\u00e1 za\u010d\u00edn\u00e1 v 9:00. Hostem bude br. Ji\u0159\u00ed Bene\u0161, se kter\u00fdm se m\u016f\u017eete setkat ji\u017e v p\u00e1tek od 18:30, kdy bude m\u00edt \u00favod k \u017dalm\u016fm.<\/p>\n<p>V\u0161e by m\u011blo b\u00fdt vys\u00edl\u00e1no tak\u00e9 online <a href=\"https:\/\/www.youtube.com\/channel\/UC1EY5T361SLRhE8swVwzrkA\">na YouTube kan\u00e1lu sboru Ostrava-Z\u00e1b\u0159eh<\/a>.<\/p>\n<p><a href=\"https:\/\/radvanice.casd.cz\/wp-content\/uploads\/jiri_benes_pozvanka.jpg\"><img loading=\"lazy\" decoding=\"async\" src=\"https:\/\/radvanice.casd.cz\/wp-content\/uploads\/jiri_benes_pozvanka-1024x576.jpg\" alt=\"\" width=\"625\" height=\"352\" class=\"aligncenter size-large wp-image-38026\" srcset=\"https:\/\/radvanice.casd.cz\/wp-content\/uploads\/jiri_benes_pozvanka-1024x576.jpg 1024w, https:\/\/radvanice.casd.cz\/wp-content\/uploads\/jiri_benes_pozvanka-300x169.jpg 300w, https:\/\/radvanice.casd.cz\/wp-content\/uploads\/jiri_benes_pozvanka-768x432.jpg 768w, https:\/\/radvanice.casd.cz\/wp-content\/uploads\/jiri_benes_pozvanka-1536x864.jpg 1536w, https:\/\/radvanice.casd.cz\/wp-content\/uploads\/jiri_benes_pozvanka-624x351.jpg 624w, https:\/\/radvanice.casd.cz\/wp-content\/uploads\/jiri_benes_pozvanka.jpg 1920w\" sizes=\"auto, (max-width: 625px) 100vw, 625px\" \/><\/a><\/p>\n","protected":false},"excerpt":{"rendered":"<p>V sobotu 21. kv\u011btna 2022 se v na\u0161\u00ed modlitebn\u011b pobo\u017enost konat nebude. Zveme v\u00e1s na spole\u010dnou bohoslu\u017ebu ostravsk\u00fdch sbor\u016f ve sboru Ostrava-Mari\u00e1nsk\u00e9 Hory, kter\u00e1 za\u010d\u00edn\u00e1 v 9:00. Hostem bude br. Ji\u0159\u00ed Bene\u0161, se kter\u00fdm se m\u016f\u017eete setkat ji\u017e v p\u00e1tek od 18:30, kdy bude m\u00edt \u00favod k \u017dalm\u016fm. V\u0161e by m\u011blo b\u00fdt vys\u00edl\u00e1no tak\u00e9 online &hellip; <a href=\"https:\/\/radvanice.casd.cz\/?p=38025\" class=\"more-link\">Pokra\u010dov\u00e1n\u00ed textu <span class=\"screen-reader-text\">Spole\u010dn\u00e1 bohoslu\u017eba ostravsk\u00fdch sbor\u016f v Mari\u00e1nk\u00e1ch (21. kv\u011btna 2022)<\/span><\/a><\/p>\n","protected":false},"author":2,"featured_media":0,"comment_status":"closed","ping_status":"open","sticky":false,"template":"","format":"standard","meta":{"_monsterinsights_skip_tracking":false,"_monsterinsights_sitenote_active":false,"_monsterinsights_sitenote_note":"","_monsterinsights_sitenote_category":0,"ngg_post_thumbnail":0,"footnotes":""},"categories":[18,19],"tags":[],"class_list":["post-38025","post","type-post","status-publish","format-standard","hentry","category-pozvanky","category-ze-zivota-sboru"],"_links":{"self":[{"href":"https:\/\/radvanice.casd.cz\/index.php?rest_route=\/wp\/v2\/posts\/38025","targetHints":{"allow":["GET"]}}],"collection":[{"href":"https:\/\/radvanice.casd.cz\/index.php?rest_route=\/wp\/v2\/posts"}],"about":[{"href":"https:\/\/radvanice.casd.cz\/index.php?rest_route=\/wp\/v2\/types\/post"}],"author":[{"embeddable":true,"href":"https:\/\/radvanice.casd.cz\/index.php?rest_route=\/wp\/v2\/users\/2"}],"replies":[{"embeddable":true,"href":"https:\/\/radvanice.casd.cz\/index.php?rest_route=%2Fwp%2Fv2%2Fcomments&post=38025"}],"version-history":[{"count":1,"href":"https:\/\/radvanice.casd.cz\/index.php?rest_route=\/wp\/v2\/posts\/38025\/revisions"}],"predecessor-version":[{"id":38027,"href":"https:\/\/radvanice.casd.cz\/index.php?rest_route=\/wp\/v2\/posts\/38025\/revisions\/38027"}],"wp:attachment":[{"href":"https:\/\/radvanice.casd.cz\/index.php?rest_route=%2Fwp%2Fv2%2Fmedia&parent=38025"}],"wp:term":[{"taxonomy":"category","embeddable":true,"href":"https:\/\/radvanice.casd.cz\/index.php?rest_route=%2Fwp%2Fv2%2Fcategories&post=38025"},{"taxonomy":"post_tag","embeddable":true,"href":"https:\/\/radvanice.casd.cz\/index.php?rest_route=%2Fwp%2Fv2%2Ftags&post=38025"}],"curies":[{"name":"wp","href":"https:\/\/api.w.org\/{rel}","templated":true}]}}