{"id":37886,"date":"2022-03-20T18:47:38","date_gmt":"2022-03-20T17:47:38","guid":{"rendered":"https:\/\/radvanice.casd.cz\/?p=37886"},"modified":"2022-03-20T18:57:50","modified_gmt":"2022-03-20T17:57:50","slug":"modlitebni-tyden-mladeze-19-26-brezna-2022","status":"publish","type":"post","link":"https:\/\/radvanice.casd.cz\/?p=37886","title":{"rendered":"Modlitebn\u00ed t\u00fdden ml\u00e1de\u017ee (19. \u2013 26. b\u0159ezna 2022)"},"content":{"rendered":"<p><a href=\"https:\/\/radvanice.casd.cz\/wp-content\/uploads\/wop-2022-cze-v12-small-2-1.webp\"><img loading=\"lazy\" decoding=\"async\" src=\"https:\/\/radvanice.casd.cz\/wp-content\/uploads\/wop-2022-cze-v12-small-2-1-e1647799024839-150x67.webp\" alt=\"\" width=\"150\" height=\"67\" class=\"alignleft size-thumbnail wp-image-37887\" \/><\/a>V sobotu za\u010dal Modlitebn\u00ed t\u00fdden ml\u00e1de\u017ee (od 19. do 26. b\u0159ezna). P\u0159idejme se k tomuto t\u00fddnu i my a mysleme na mlad\u00e9 lidi tento t\u00fdden ve sv\u00fdch modlitb\u00e1ch.<br \/>\nP\u0159edn\u00e1\u0161ky pro ml\u00e1de\u017e s n\u00e1zvem &#8222;Hospodinova je zem\u011b se v\u0161\u00edm, co je na n\u00ed&#8220; m\u016f\u017eete naj\u00edt i v online form\u011b <a href=\"https:\/\/www.adventorion.cz\/ke-stazeni\/zobrazit\/875\">pod t\u00edmto odkazem<\/a>.<br \/>\nV\u00edce informac\u00ed i s videopozv\u00e1nkou m\u016f\u017eete naj\u00ed na str\u00e1nk\u00e1ch ml\u00e1de\u017ee: <a href=\"https:\/\/www.mssmladez.cz\">www.mssmladez.cz<\/a><\/p>\n","protected":false},"excerpt":{"rendered":"<p>V sobotu za\u010dal Modlitebn\u00ed t\u00fdden ml\u00e1de\u017ee (od 19. do 26. b\u0159ezna). P\u0159idejme se k tomuto t\u00fddnu i my a mysleme na mlad\u00e9 lidi tento t\u00fdden ve sv\u00fdch modlitb\u00e1ch. P\u0159edn\u00e1\u0161ky pro ml\u00e1de\u017e s n\u00e1zvem &#8222;Hospodinova je zem\u011b se v\u0161\u00edm, co je na n\u00ed&#8220; m\u016f\u017eete naj\u00edt i v online form\u011b pod t\u00edmto odkazem. V\u00edce informac\u00ed i s &hellip; <a href=\"https:\/\/radvanice.casd.cz\/?p=37886\" class=\"more-link\">Pokra\u010dov\u00e1n\u00ed textu <span class=\"screen-reader-text\">Modlitebn\u00ed t\u00fdden ml\u00e1de\u017ee (19. \u2013 26. b\u0159ezna 2022)<\/span><\/a><\/p>\n","protected":false},"author":2,"featured_media":0,"comment_status":"closed","ping_status":"open","sticky":false,"template":"","format":"standard","meta":{"_monsterinsights_skip_tracking":false,"_monsterinsights_sitenote_active":false,"_monsterinsights_sitenote_note":"","_monsterinsights_sitenote_category":0,"ngg_post_thumbnail":0,"footnotes":""},"categories":[47],"tags":[],"class_list":["post-37886","post","type-post","status-publish","format-standard","hentry","category-ze-zivota-cirkve"],"_links":{"self":[{"href":"https:\/\/radvanice.casd.cz\/index.php?rest_route=\/wp\/v2\/posts\/37886","targetHints":{"allow":["GET"]}}],"collection":[{"href":"https:\/\/radvanice.casd.cz\/index.php?rest_route=\/wp\/v2\/posts"}],"about":[{"href":"https:\/\/radvanice.casd.cz\/index.php?rest_route=\/wp\/v2\/types\/post"}],"author":[{"embeddable":true,"href":"https:\/\/radvanice.casd.cz\/index.php?rest_route=\/wp\/v2\/users\/2"}],"replies":[{"embeddable":true,"href":"https:\/\/radvanice.casd.cz\/index.php?rest_route=%2Fwp%2Fv2%2Fcomments&post=37886"}],"version-history":[{"count":4,"href":"https:\/\/radvanice.casd.cz\/index.php?rest_route=\/wp\/v2\/posts\/37886\/revisions"}],"predecessor-version":[{"id":37889,"href":"https:\/\/radvanice.casd.cz\/index.php?rest_route=\/wp\/v2\/posts\/37886\/revisions\/37889"}],"wp:attachment":[{"href":"https:\/\/radvanice.casd.cz\/index.php?rest_route=%2Fwp%2Fv2%2Fmedia&parent=37886"}],"wp:term":[{"taxonomy":"category","embeddable":true,"href":"https:\/\/radvanice.casd.cz\/index.php?rest_route=%2Fwp%2Fv2%2Fcategories&post=37886"},{"taxonomy":"post_tag","embeddable":true,"href":"https:\/\/radvanice.casd.cz\/index.php?rest_route=%2Fwp%2Fv2%2Ftags&post=37886"}],"curies":[{"name":"wp","href":"https:\/\/api.w.org\/{rel}","templated":true}]}}