{"id":37856,"date":"2022-03-10T14:57:54","date_gmt":"2022-03-10T13:57:54","guid":{"rendered":"https:\/\/radvanice.casd.cz\/?p=37856"},"modified":"2022-03-10T14:58:04","modified_gmt":"2022-03-10T13:58:04","slug":"pamatka-vecere-pane-v-sobotu-12-3-od-930","status":"publish","type":"post","link":"https:\/\/radvanice.casd.cz\/?p=37856","title":{"rendered":"Pam\u00e1tka ve\u010de\u0159e P\u00e1n\u011b v sobotu 12. 3. od 9:30"},"content":{"rendered":"<p>Mil\u00e9 radvanick\u00e9 spole\u010denstv\u00ed,<\/p>\n<p>Tuto sobotu 12. 3. chceme spole\u010dn\u011b pro\u017e\u00edt Pam\u00e1tku ve\u010de\u0159e P\u00e1n\u011b. R\u00e1di bychom za\u010dali dle tradice v 9:30 v\u0161ichni dohromady. Po\u017eadavek vl\u00e1dy nosit respir\u00e1tory st\u00e1le plat\u00ed. R\u00e1di bychom v sobotu nab\u00eddli i spole\u010dn\u00e9 um\u00fdv\u00e1n\u00ed nohou t\u011bm, kte\u0159\u00ed by se cht\u011bli dobrovoln\u011b z\u00fa\u010dastnit. Pokud by kdokoli necht\u011bl, m\u016f\u017ee p\u0159istoupit pouze k p\u0159ij\u00edm\u00e1n\u00ed chleba a v\u00edna. T\u011b\u0161\u00edme se na spole\u010dn\u00e9 pro\u017e\u00edv\u00e1n\u00ed Bo\u017e\u00ed bl\u00edzkosti a Jeho po\u017eehn\u00e1n\u00ed. Nebo\u0165 kdekoli se shrom\u00e1\u017ed\u00ed dva nebo t\u0159i v m\u00e9m jm\u00e9nu, tam jsem j\u00e1 uprost\u0159ed nich. (Matou\u0161 18,20)<\/p>\n<p>S p\u0159\u00e1n\u00edm Bo\u017e\u00ed l\u00e1sky a pokoje zdrav\u00ed<\/p>\n<p><em>Dan Ka\u0161l\u00edk, kazatel sboru<\/em><\/p>\n","protected":false},"excerpt":{"rendered":"<p>Mil\u00e9 radvanick\u00e9 spole\u010denstv\u00ed, Tuto sobotu 12. 3. chceme spole\u010dn\u011b pro\u017e\u00edt Pam\u00e1tku ve\u010de\u0159e P\u00e1n\u011b. R\u00e1di bychom za\u010dali dle tradice v 9:30 v\u0161ichni dohromady. Po\u017eadavek vl\u00e1dy nosit respir\u00e1tory st\u00e1le plat\u00ed. R\u00e1di bychom v sobotu nab\u00eddli i spole\u010dn\u00e9 um\u00fdv\u00e1n\u00ed nohou t\u011bm, kte\u0159\u00ed by se cht\u011bli dobrovoln\u011b z\u00fa\u010dastnit. Pokud by kdokoli necht\u011bl, m\u016f\u017ee p\u0159istoupit pouze k p\u0159ij\u00edm\u00e1n\u00ed chleba a &hellip; <a href=\"https:\/\/radvanice.casd.cz\/?p=37856\" class=\"more-link\">Pokra\u010dov\u00e1n\u00ed textu <span class=\"screen-reader-text\">Pam\u00e1tka ve\u010de\u0159e P\u00e1n\u011b v sobotu 12. 3. od 9:30<\/span><\/a><\/p>\n","protected":false},"author":2,"featured_media":0,"comment_status":"closed","ping_status":"open","sticky":false,"template":"","format":"standard","meta":{"_monsterinsights_skip_tracking":false,"_monsterinsights_sitenote_active":false,"_monsterinsights_sitenote_note":"","_monsterinsights_sitenote_category":0,"ngg_post_thumbnail":0,"footnotes":""},"categories":[19],"tags":[],"class_list":["post-37856","post","type-post","status-publish","format-standard","hentry","category-ze-zivota-sboru"],"_links":{"self":[{"href":"https:\/\/radvanice.casd.cz\/index.php?rest_route=\/wp\/v2\/posts\/37856","targetHints":{"allow":["GET"]}}],"collection":[{"href":"https:\/\/radvanice.casd.cz\/index.php?rest_route=\/wp\/v2\/posts"}],"about":[{"href":"https:\/\/radvanice.casd.cz\/index.php?rest_route=\/wp\/v2\/types\/post"}],"author":[{"embeddable":true,"href":"https:\/\/radvanice.casd.cz\/index.php?rest_route=\/wp\/v2\/users\/2"}],"replies":[{"embeddable":true,"href":"https:\/\/radvanice.casd.cz\/index.php?rest_route=%2Fwp%2Fv2%2Fcomments&post=37856"}],"version-history":[{"count":1,"href":"https:\/\/radvanice.casd.cz\/index.php?rest_route=\/wp\/v2\/posts\/37856\/revisions"}],"predecessor-version":[{"id":37857,"href":"https:\/\/radvanice.casd.cz\/index.php?rest_route=\/wp\/v2\/posts\/37856\/revisions\/37857"}],"wp:attachment":[{"href":"https:\/\/radvanice.casd.cz\/index.php?rest_route=%2Fwp%2Fv2%2Fmedia&parent=37856"}],"wp:term":[{"taxonomy":"category","embeddable":true,"href":"https:\/\/radvanice.casd.cz\/index.php?rest_route=%2Fwp%2Fv2%2Fcategories&post=37856"},{"taxonomy":"post_tag","embeddable":true,"href":"https:\/\/radvanice.casd.cz\/index.php?rest_route=%2Fwp%2Fv2%2Ftags&post=37856"}],"curies":[{"name":"wp","href":"https:\/\/api.w.org\/{rel}","templated":true}]}}