{"id":37839,"date":"2022-03-01T18:05:05","date_gmt":"2022-03-01T17:05:05","guid":{"rendered":"https:\/\/radvanice.casd.cz\/?p=37839"},"modified":"2022-03-17T23:43:40","modified_gmt":"2022-03-17T22:43:40","slug":"jak-pomoci-potrebnym-obeznik","status":"publish","type":"post","link":"https:\/\/radvanice.casd.cz\/?p=37839","title":{"rendered":"Jak pomoci pot\u0159ebn\u00fdm"},"content":{"rendered":"<p><strong><em>\u201eBlaze t\u011bm, kdo hladov\u011bj\u00ed a \u017e\u00edzn\u00ed po spravedlnosti, nebo\u0165 oni budou nasyceni. Blaze milosrdn\u00fdm, nebo\u0165 oni dojdou milosrdenstv\u00ed.\u201c<\/em><\/strong><br \/>\n<em>Matou\u0161 5,6.7<\/em><\/p>\n<p>S\u00a0velik\u00fdmi obavami sledujeme eskalaci v\u00e1le\u010dn\u00e9ho konfliktu na Ukrajin\u011b, kter\u00fd s sebou p\u0159in\u00e1\u0161\u00ed ty nejhor\u0161\u00ed n\u00e1sledky v\u00a0podob\u011b um\u00edr\u00e1n\u00ed, zran\u011bn\u00ed a ni\u010den\u00ed m\u011bst i vesnic. Mnoz\u00ed lid\u00e9 jsou v\u00a0ohro\u017een\u00ed \u017eivota a dost\u00e1vaj\u00ed se do krajn\u00ed nouze, kdy pot\u0159ebuj\u00ed od n\u00e1s nal\u00e9havou pomoc.<\/p>\n<p>D\u011bkujeme za va\u0161e modlitby a solidaritu s\u00a0trp\u00edc\u00edmi, kterou jste projevili t\u00edm, \u017ee jste darovali finan\u010dn\u00ed prost\u0159edky nebo jste poskytli praktickou pomoc. Z\u00e1rove\u0148 nad\u00e1le vyz\u00fdv\u00e1me k\u00a0modlitb\u00e1m p\u0159edev\u0161\u00edm za obyvatele v\u00a0ohro\u017een\u00fdch oblastech, kte\u0159\u00ed nemaj\u00ed \u017e\u00e1dnou \u00fanikovou cestu a ji\u017e n\u011bkolik dn\u00ed setrv\u00e1vaj\u00ed v\u00a0\u00fakrytech s\u00a0nad\u011bj\u00ed, \u017ee je P\u00e1n B\u016fh zachov\u00e1 p\u0159i \u017eivot\u011b.<\/p>\n<p><!--more--><\/p>\n<p><strong><a href=\"https:\/\/adra.cz\/aktualita\/pomoc-lidem-na-ukrajine-jak-pomaha-organizace-adra-a-jak-muzete-pomoci-vy\/\" rel=\"noopener\">Jedna z\u00a0forem pomoci je prost\u0159ednictv\u00edm organizace<\/a>\u00a0<\/strong>ADRA, kter\u00e1 vyhl\u00e1sila minul\u00fd t\u00fdden ve\u0159ejnou sb\u00edrku\u00a0<a href=\"https:\/\/www.darujme.cz\/projekt\/1205456\" target=\"_blank\" rel=\"noreferrer noopener\">SOS ADRA \u2013 POMOC UKRAJIN\u011a<\/a>. Partnersky s\u202fnimi spolupracuje tak\u00e9\u00a0<a href=\"https:\/\/www.znesnaze21.cz\/sbirka\/pomoc-ukrajine\" target=\"_blank\" rel=\"noreferrer noopener\">Nada\u010dn\u00ed fond pomoci<\/a>.\u00a0 Sb\u00edrku m\u016f\u017eete podpo\u0159it i\u00a0vy prost\u0159ednictv\u00edm port\u00e1lu\u00a0<a href=\"https:\/\/www.darujme.cz\/projekt\/1205456\" target=\"_blank\" rel=\"noreferrer noopener\">Darujme \u2013 SOS ADRA \u2013 Pomoc Ukrajin\u011b<\/a>\u00a0nebo na\u00a0<strong>\u010d\u00edsle \u00fa\u010dtu 66888866\/0300, variabiln\u00ed symbol 500<\/strong>, pro platby ze zahrani\u010d\u00ed IBAN CZ16\u00a00300\u00a00000\u00a00000\u00a06688\u00a08866.<\/p>\n<p>Dal\u0161\u00ed formou pomoci je aktivn\u00ed nab\u00eddka prost\u0159ednictv\u00edm m\u00edstn\u00ed samospr\u00e1vy (<a href=\"http:\/\/www.nasiukrajinci.cz\/\" rel=\"noopener\">www.nasiukrajinci.cz<\/a>;\u00a0<a href=\"http:\/\/www.pomahejukrajine.cz\/\" rel=\"noopener\">www.pomahejukrajine.cz<\/a>).<\/p>\n<p>\u010cesko-Slovensk\u00e1 unie v\u00a0\u00fazk\u00e9 spolupr\u00e1ci s\u00a0jednotliv\u00fdmi sdru\u017een\u00edmi vytvo\u0159ila krizov\u00fd t\u00fdm, kter\u00fd je p\u0159ipraven pomoci tak\u00e9 na\u0161im sestr\u00e1m a brat\u0159\u00edm z Ukrajiny, kte\u0159\u00ed ji\u017e p\u0159ijeli nebo teprve jsou na cest\u011b do \u010cesk\u00e9 a Slovensk\u00e9 republiky. V\u00a0t\u00e9to oblasti \u00fazce spolupracujeme s\u00a0ukrajinskou adventistickou komunitou na obou stran\u00e1ch hranic. Pro tento druh pomoci jsme zvolili hlavn\u00edho koordin\u00e1tora, kter\u00fdm je pro \u010ceskou republiku Samuel Dolej\u0161, tel.: 606380030, e-mail:\u00a0<a href=\"mailto:ukrajina@casd.cz\">ukrajina@casd.cz<\/a><\/p>\n<p>Je nesm\u00edrn\u011b d\u016fle\u017eit\u00e9, aby pomoc byla koordinov\u00e1na a nekonaly se akce na vlastn\u00ed p\u011bst, kter\u00e9 naopak mohou situaci sp\u00ed\u0161e zkomplikovat.<\/p>\n<p>Chcete nab\u00eddnout ubytov\u00e1n\u00ed pro sestry a bratry z Ukrajiny?<\/p>\n<p>Vypl\u0148te formul\u00e1\u0159\u00a0\u00a0<a href=\"https:\/\/forms.gle\/3aYNWJdk1jpfoBd5A\" rel=\"noopener\">https:\/\/forms.gle\/3aYNWJdk1jpfoBd5A<\/a><\/p>\n<p><strong>Informace pro uprchl\u00edky z Ukrajiny:<\/strong><\/p>\n<p>Hled\u00e1\u0161 ubytov\u00e1n\u00ed? Hled\u00e1\u0161 ubytov\u00e1n\u00ed pro n\u011bkoho ze sv\u00fdch bl\u00edzk\u00fdch, kte\u0159\u00ed jsou na cest\u011b z Ukrajiny?<\/p>\n<p>Napi\u0161 sv\u016fj po\u017eadavek\u00a0\u00a0<a href=\"https:\/\/forms.gle\/3rwshPYgmmgDhtpm6\" rel=\"noopener\">https:\/\/forms.gle\/3rwshPYgmmgDhtpm6<\/a><\/p>\n<p>Jako v\u011b\u0159\u00edc\u00ed lid\u00e9 se m\u00e1me jasn\u011b a z\u0159eteln\u011b postavit zlu. Na druhou stranu nevytv\u00e1\u0159ejme bari\u00e9ry a\u00a0stav\u011bjme mosty mezi lidmi r\u016fzn\u00fdch n\u00e1rod\u016f i opa\u010dn\u00fdch n\u00e1zor\u016f.<\/p>\n<p>P\u0159ipojujeme se k\u00a0v\u00fdzv\u011b p\u0159edsedy Gener\u00e1ln\u00ed konference Teda Wilsona, abychom \u201eprosili P\u00e1na v\u00a0modlitb\u011b za pokoj a povzbuzen\u00ed pro na\u0161e vz\u00e1cn\u00e9 \u010dleny v\u00a0Euroasijsk\u00e9 divizi a po cel\u00e9m sv\u011bt\u011b. A\u0165 P\u00e1n p\u0159inese uzdraven\u00ed a pokoj do sv\u011bta, ve kter\u00e9m panuje nap\u011bt\u00ed. V\u011b\u0159\u00edme, \u017ee Kristus brzo p\u0159ijde. Jakou blahoslavenou nad\u011bji m\u00e1me, kdy\u017e m\u016f\u017eeme v\u00a0pokoji p\u0159eb\u00fdvat v\u00a0jeho rukou\u201c.<\/p>\n<p>S\u00a0bratsk\u00fdm pozdravem<\/p>\n<p>Mikul\u00e1\u0161 Pavl\u00edk<br \/>\nV\u00edt Vurst<br \/>\nDaniel Dobe\u0161<br \/>\nFranti\u0161ek Koles\u00e1r<br \/>\nRadom\u00edr \u0160pinka<br \/>\nStanislav Bielik<\/p>\n","protected":false},"excerpt":{"rendered":"<p>\u201eBlaze t\u011bm, kdo hladov\u011bj\u00ed a \u017e\u00edzn\u00ed po spravedlnosti, nebo\u0165 oni budou nasyceni. Blaze milosrdn\u00fdm, nebo\u0165 oni dojdou milosrdenstv\u00ed.\u201c Matou\u0161 5,6.7 S\u00a0velik\u00fdmi obavami sledujeme eskalaci v\u00e1le\u010dn\u00e9ho konfliktu na Ukrajin\u011b, kter\u00fd s sebou p\u0159in\u00e1\u0161\u00ed ty nejhor\u0161\u00ed n\u00e1sledky v\u00a0podob\u011b um\u00edr\u00e1n\u00ed, zran\u011bn\u00ed a ni\u010den\u00ed m\u011bst i vesnic. Mnoz\u00ed lid\u00e9 jsou v\u00a0ohro\u017een\u00ed \u017eivota a dost\u00e1vaj\u00ed se do krajn\u00ed nouze, kdy &hellip; <a href=\"https:\/\/radvanice.casd.cz\/?p=37839\" class=\"more-link\">Pokra\u010dov\u00e1n\u00ed textu <span class=\"screen-reader-text\">Jak pomoci pot\u0159ebn\u00fdm<\/span><\/a><\/p>\n","protected":false},"author":2,"featured_media":0,"comment_status":"closed","ping_status":"open","sticky":false,"template":"","format":"standard","meta":{"_monsterinsights_skip_tracking":false,"_monsterinsights_sitenote_active":false,"_monsterinsights_sitenote_note":"","_monsterinsights_sitenote_category":0,"ngg_post_thumbnail":0,"footnotes":""},"categories":[47],"tags":[],"class_list":["post-37839","post","type-post","status-publish","format-standard","hentry","category-ze-zivota-cirkve"],"_links":{"self":[{"href":"https:\/\/radvanice.casd.cz\/index.php?rest_route=\/wp\/v2\/posts\/37839","targetHints":{"allow":["GET"]}}],"collection":[{"href":"https:\/\/radvanice.casd.cz\/index.php?rest_route=\/wp\/v2\/posts"}],"about":[{"href":"https:\/\/radvanice.casd.cz\/index.php?rest_route=\/wp\/v2\/types\/post"}],"author":[{"embeddable":true,"href":"https:\/\/radvanice.casd.cz\/index.php?rest_route=\/wp\/v2\/users\/2"}],"replies":[{"embeddable":true,"href":"https:\/\/radvanice.casd.cz\/index.php?rest_route=%2Fwp%2Fv2%2Fcomments&post=37839"}],"version-history":[{"count":5,"href":"https:\/\/radvanice.casd.cz\/index.php?rest_route=\/wp\/v2\/posts\/37839\/revisions"}],"predecessor-version":[{"id":37866,"href":"https:\/\/radvanice.casd.cz\/index.php?rest_route=\/wp\/v2\/posts\/37839\/revisions\/37866"}],"wp:attachment":[{"href":"https:\/\/radvanice.casd.cz\/index.php?rest_route=%2Fwp%2Fv2%2Fmedia&parent=37839"}],"wp:term":[{"taxonomy":"category","embeddable":true,"href":"https:\/\/radvanice.casd.cz\/index.php?rest_route=%2Fwp%2Fv2%2Fcategories&post=37839"},{"taxonomy":"post_tag","embeddable":true,"href":"https:\/\/radvanice.casd.cz\/index.php?rest_route=%2Fwp%2Fv2%2Ftags&post=37839"}],"curies":[{"name":"wp","href":"https:\/\/api.w.org\/{rel}","templated":true}]}}