{"id":37775,"date":"2022-02-12T18:40:13","date_gmt":"2022-02-12T17:40:13","guid":{"rendered":"https:\/\/radvanice.casd.cz\/?p=37775"},"modified":"2022-02-22T15:42:05","modified_gmt":"2022-02-22T14:42:05","slug":"narodni-tyden-manzelstvi-modlitebni-tyden-kd-14-20-unora-2022","status":"publish","type":"post","link":"https:\/\/radvanice.casd.cz\/?p=37775","title":{"rendered":"N\u00e1rodn\u00ed t\u00fdden man\u017eelstv\u00ed (Modlitebn\u00ed t\u00fdden KD) \u2013 14. &#8211; 20. \u00fanora 2022"},"content":{"rendered":"<p><a href=\"https:\/\/radvanice.casd.cz\/wp-content\/uploads\/NTM2022.jpg\"><img loading=\"lazy\" decoding=\"async\" src=\"https:\/\/radvanice.casd.cz\/wp-content\/uploads\/NTM2022-211x300.jpg\" alt=\"\" width=\"211\" height=\"300\" class=\"alignleft size-medium wp-image-37787\" srcset=\"https:\/\/radvanice.casd.cz\/wp-content\/uploads\/NTM2022-211x300.jpg 211w, https:\/\/radvanice.casd.cz\/wp-content\/uploads\/NTM2022-624x888.jpg 624w, https:\/\/radvanice.casd.cz\/wp-content\/uploads\/NTM2022.jpg 690w\" sizes=\"auto, (max-width: 211px) 100vw, 211px\" \/><\/a> Celosv\u011btov\u00fd Modlitebn\u00ed t\u00fdden K\u0159es\u0165ansk\u00e9ho domova C\u00edrkve adventist\u016f sedm\u00e9ho dne se tento rok uskute\u010dn\u00ed v t\u00fddnu od 12. do 19. \u00fanora 2022. B\u011bhem tohoto t\u00fddne se adventist\u00e9 na cel\u00e9m sv\u011bt\u011b budou soust\u0159edit ve sv\u00fdch p\u0159\u00edmluvn\u00fdch modlitb\u00e1ch na man\u017eelsk\u00e9 p\u00e1ry a jejich rodiny. U\u017e tradi\u010dn\u011b bude b\u011bhem tohoto obdob\u00ed v \u010cesk\u00e9 republice prob\u00edhat t\u00e9m\u011b\u0159 paraleln\u011b \u0161estn\u00e1ct\u00fd N\u00e1rodn\u00ed t\u00fdden man\u017eelstv\u00ed (NTM), kter\u00fd je napl\u00e1nov\u00e1n na dny od 14. do 20. \u00fanora 2022.<\/p>\n<p>Inici\u00e1to\u0159i NTM pro leto\u0161n\u00ed ro\u010dn\u00edk zvolili\u00a0<strong>motto \u201e<em>Ztr\u00e1ty a n\u00e1lezy\u201c<\/em><\/strong>.\u00a0V\u00a0tiskov\u00e9 zpr\u00e1v\u011b k\u00a0NTM uv\u00e1d\u011bj\u00ed: \u201eMo\u017en\u00e1 jsme v\u00a0na\u0161em vztahu n\u011bco ztratili a pot\u0159ebujeme to znovu naj\u00edt a obnovit? Pro jin\u00e9 je t\u0159eba man\u017eelstv\u00ed stra\u0161\u00e1kem, d\u00edky kter\u00e9mu ztrat\u00ed mnoho ze sv\u00e9 nez\u00e1vislosti, svobody, \u017eivotn\u00edho stylu a mo\u017enost\u00ed. Co jedine\u010dn\u00e9ho naopak ale v\u00a0man\u017eelstv\u00ed z\u00edsk\u00e1v\u00e1me? Co nalezneme t\u00edm, \u017ee n\u011bco ztrat\u00edme nebo se toho vzd\u00e1me? Nepom\u00e1h\u00e1 n\u00e1m man\u017eelstv\u00ed ztratit iluze o sob\u011b sam\u00fdch a l\u00e9pe porozum\u011bt sob\u011b ve sv\u00fdch \u00fadol\u00edch i vrcholech \u2013 naj\u00edt sami sebe? Jak naj\u00edt vz\u00e1jemnou \u00factu a cit tam, kde se vytr\u00e1c\u00ed nebo se ztratily \u00fapln\u011b? Jak se vyrovnat se ztr\u00e1tou partnera, kterou b\u011bhem epidemie pro\u017eilo mnoho man\u017eel\u016f a naj\u00edt s\u00edlu j\u00edt d\u00e1l? Jak naj\u00edt nov\u00fd sm\u011br v\u00a0man\u017eelstv\u00ed, kdy\u017e na\u0161e d\u011bti vyl\u00e9tly z\u00a0hn\u00edzda?\u201c<\/p>\n<p><!--more--><\/p>\n<p>K\u00a0dan\u00e9 t\u00e9matice jsme pro v\u00e1s ve spolupr\u00e1ci s\u00a0nakladatelstv\u00edm Advent a kazateli, kte\u0159\u00ed se zab\u00fdvaj\u00ed slu\u017ebou man\u017eelsk\u00fdm p\u00e1r\u016fm a rodin\u00e1m (Jonczy, \u017d\u016frek, Adame, Eder, Dvo\u0159\u00e1k, Lachmanov\u00e1, Cincala) p\u0159ipravili\u00a0<strong><a href=\"https:\/\/www.adventorion.cz\/ke-stazeni\/zobrazit\/872\" rel=\"noopener\">sedm zaj\u00edmav\u00fdch v\u00fdklad\u016f biblick\u00fdch pas\u00e1\u017e\u00ed<\/a><\/strong>\u00a0zab\u00fdvaj\u00edc\u00edch se touto t\u00e9matikou. P\u0159edn\u00e1\u0161ky v\u0161ak tentokr\u00e1t do va\u0161ich sbor\u016f nedoraz\u00ed v\u00a0ti\u0161t\u011bn\u00e9, ale elektronick\u00e9 podob\u011b. V\u00e1s vedouc\u00ed KD, tajemn\u00edky sbor\u016f a kazatele pros\u00edme, abyste p\u0159\u00edstup k\u00a0nim zprost\u0159edkovali v\u0161em, kte\u0159\u00ed se s\u00a0internetem zat\u00edm je\u0161t\u011b nesta\u010dili skamar\u00e1dit. P\u0159edem v\u00e1m za va\u0161i pomoc d\u011bkujeme.<\/p>\n<p>Na <a href=\"https:\/\/www.youtube.com\/user\/studioAWR\">YouTube<\/a> a <a href=\"https:\/\/www.hopetv.cz\/\">webu HopeTV<\/a> letos stejn\u011b jako v\u00a0l\u00e9tech minul\u00fdch najdete\u00a0<strong>p\u0159\u00edb\u011bhy pro d\u011bti<\/strong>. Zku\u0161eni d\u011bt\u0161t\u00ed vyprav\u011b\u010di (\u0160krla, Jonczy R., Jonczy Z., \u0160ubrtov\u00e1, \u010can\u010d\u00edk, Buchtel, \u0160p\u00e1c) pro va\u0161e d\u011bti p\u0159ipravili p\u0159\u00edb\u011bhy o sv\u00fdch \u017eivotn\u00edch ztr\u00e1t\u00e1ch a n\u00e1lezech. Ka\u017ed\u00fd ve\u010der budete moci jedn\u00edm z\u00a0nich ob\u0161\u0165astnit sv\u00e9 potomky. Chyb\u011bt nebude ani\u00a0<strong>kontaktn\u00ed po\u0159ad,<\/strong>\u00a0b\u011bhem kter\u00e9ho budete moci\u00a0<strong>ve st\u0159edu ve\u010der v\u00a019,00 na Hope TV,<\/strong>\u00a0vz\u00e1cn\u00e9mu hostu<strong>\u00a0kn\u011bzi a psychiatru Maxovi Ka\u0161par\u016f<\/strong>\u00a0kl\u00e1st ot\u00e1zky, t\u00fdkaj\u00edc\u00ed se problematiky man\u017eelstv\u00ed.<\/p>\n<p>P\u0159ehled akc\u00ed, kter\u00e9 se budou v\u00a0r\u00e1mci NTM 2022 konat, budete moci naj\u00edt na str\u00e1nk\u00e1ch\u00a0<a href=\"http:\/\/www.tydenmanzelstvi.cz\/\" rel=\"noopener\">www.tydenmanzelstvi.cz<\/a>. a\u00a0<a href=\"http:\/\/www.facebook.com\/tydenmanzelstvi\" rel=\"noopener\">www.facebook.com\/tydenmanzelstvi<\/a>. \u00a0Zde je tak\u00e9 mo\u017enost pro po\u0159adatele registrovat sv\u00e9 akce a d\u00e1t tak o nich v\u011bd\u011bt ostatn\u00edm a m\u00e9di\u00edm.<\/p>\n<p>Epidemie n\u00e1m pravd\u011bpodobn\u011b je\u0161t\u011b neumo\u017en\u00ed velk\u00e1 spole\u010densk\u00e1 setk\u00e1n\u00ed na \u00farovni sbor\u016f, \u010di m\u011bst, ale pro man\u017eelsk\u00e9 p\u00e1ry a jejich d\u011bti m\u016f\u017ee b\u00fdt MTM skv\u011blou p\u0159\u00edle\u017eitost\u00ed ke stmelen\u00ed vz\u00e1jemn\u00fdch vztah\u016f a p\u0159ibl\u00ed\u017een\u00ed se k\u00a0Bohu.<\/p>\n<p>T\u011b\u0161\u00edme se na t\u00fdden pro\u017eit\u00fd spolu s\u00a0v\u00e1mi.<\/p>\n<p><em>Koordin\u00e1tor Oddelen\u00ed adventistick\u00e9 slu\u017eby rodin\u00e1m \u010cesko-Slovensk\u00e9 unie CASD, Radom\u00edr Jonczy<br \/>\na koordin\u00e1tor N\u00e1rodn\u00edho t\u00fddne man\u017eelstv\u00ed v \u010cesk\u00e9 republice, Petr Adame<\/em><\/p>\n<p><iframe loading=\"lazy\" width=\"560\" height=\"315\" src=\"https:\/\/www.youtube.com\/embed\/7JRRayX8orc\" title=\"YouTube video player\" frameborder=\"0\" allow=\"accelerometer; autoplay; clipboard-write; encrypted-media; gyroscope; picture-in-picture\" allowfullscreen><\/iframe><\/p>\n","protected":false},"excerpt":{"rendered":"<p>Celosv\u011btov\u00fd Modlitebn\u00ed t\u00fdden K\u0159es\u0165ansk\u00e9ho domova C\u00edrkve adventist\u016f sedm\u00e9ho dne se tento rok uskute\u010dn\u00ed v t\u00fddnu od 12. do 19. \u00fanora 2022. B\u011bhem tohoto t\u00fddne se adventist\u00e9 na cel\u00e9m sv\u011bt\u011b budou soust\u0159edit ve sv\u00fdch p\u0159\u00edmluvn\u00fdch modlitb\u00e1ch na man\u017eelsk\u00e9 p\u00e1ry a jejich rodiny. U\u017e tradi\u010dn\u011b bude b\u011bhem tohoto obdob\u00ed v \u010cesk\u00e9 republice prob\u00edhat t\u00e9m\u011b\u0159 paraleln\u011b \u0161estn\u00e1ct\u00fd N\u00e1rodn\u00ed &hellip; <a href=\"https:\/\/radvanice.casd.cz\/?p=37775\" class=\"more-link\">Pokra\u010dov\u00e1n\u00ed textu <span class=\"screen-reader-text\">N\u00e1rodn\u00ed t\u00fdden man\u017eelstv\u00ed (Modlitebn\u00ed t\u00fdden KD) \u2013 14. &#8211; 20. \u00fanora 2022<\/span><\/a><\/p>\n","protected":false},"author":2,"featured_media":0,"comment_status":"closed","ping_status":"open","sticky":false,"template":"","format":"standard","meta":{"_monsterinsights_skip_tracking":false,"_monsterinsights_sitenote_active":false,"_monsterinsights_sitenote_note":"","_monsterinsights_sitenote_category":0,"ngg_post_thumbnail":0,"footnotes":""},"categories":[47],"tags":[],"class_list":["post-37775","post","type-post","status-publish","format-standard","hentry","category-ze-zivota-cirkve"],"_links":{"self":[{"href":"https:\/\/radvanice.casd.cz\/index.php?rest_route=\/wp\/v2\/posts\/37775","targetHints":{"allow":["GET"]}}],"collection":[{"href":"https:\/\/radvanice.casd.cz\/index.php?rest_route=\/wp\/v2\/posts"}],"about":[{"href":"https:\/\/radvanice.casd.cz\/index.php?rest_route=\/wp\/v2\/types\/post"}],"author":[{"embeddable":true,"href":"https:\/\/radvanice.casd.cz\/index.php?rest_route=\/wp\/v2\/users\/2"}],"replies":[{"embeddable":true,"href":"https:\/\/radvanice.casd.cz\/index.php?rest_route=%2Fwp%2Fv2%2Fcomments&post=37775"}],"version-history":[{"count":5,"href":"https:\/\/radvanice.casd.cz\/index.php?rest_route=\/wp\/v2\/posts\/37775\/revisions"}],"predecessor-version":[{"id":37799,"href":"https:\/\/radvanice.casd.cz\/index.php?rest_route=\/wp\/v2\/posts\/37775\/revisions\/37799"}],"wp:attachment":[{"href":"https:\/\/radvanice.casd.cz\/index.php?rest_route=%2Fwp%2Fv2%2Fmedia&parent=37775"}],"wp:term":[{"taxonomy":"category","embeddable":true,"href":"https:\/\/radvanice.casd.cz\/index.php?rest_route=%2Fwp%2Fv2%2Fcategories&post=37775"},{"taxonomy":"post_tag","embeddable":true,"href":"https:\/\/radvanice.casd.cz\/index.php?rest_route=%2Fwp%2Fv2%2Ftags&post=37775"}],"curies":[{"name":"wp","href":"https:\/\/api.w.org\/{rel}","templated":true}]}}