{"id":37448,"date":"2021-12-17T00:09:28","date_gmt":"2021-12-16T23:09:28","guid":{"rendered":"https:\/\/radvanice.casd.cz\/?p=37448"},"modified":"2021-12-17T00:09:28","modified_gmt":"2021-12-16T23:09:28","slug":"oznameni-ohledne-dvou-casti-pamatky-vecere-pane-18-prosince-v-930-a-1100","status":"publish","type":"post","link":"https:\/\/radvanice.casd.cz\/?p=37448","title":{"rendered":"Ozn\u00e1men\u00ed ohledn\u011b dvou \u010d\u00e1st\u00ed Pam\u00e1tky ve\u010de\u0159e P\u00e1n\u011b 18. prosince v 9:30 a 11:00"},"content":{"rendered":"<p>Tuto sobotu, 18. prosince budeme slavit Pam\u00e1tku ve\u010de\u0159e P\u00e1n\u011b. Z d\u016fvod\u016f covidov\u00e9 situace bude op\u011bt rozd\u011blena na dv\u011b \u010d\u00e1sti:<br \/>\n  * od 9:30 bude prob\u00edhat pam\u00e1tka ur\u010den\u00e1 pro seniory<br \/>\n  * od 11:00 pak pro ostatn\u00ed \u010dleny na\u0161eho sboru<\/p>\n<p>Ke konci tohoto t\u00fddne n\u00e1s tak\u00e9 \u010dekaj\u00ed dva k\u0159ty. Sv\u00e9 rozhodnut\u00ed odevzdat sv\u016fj \u017eivot Bohu potvrd\u00ed slavnostn\u00edm k\u0159tem Casey Long a Honza Pletka:<br \/>\n  * v p\u00e1tek 17. prosince od 18:00 bude m\u00edt k\u0159est Casey Long, kter\u00fd prob\u011bhne <strong>ve sboru Ostrava-Mari\u00e1nsk\u00e9 Hory<\/strong><br \/>\n  * v sobotu 18. prosince od 17:00 pak ji\u017e v na\u0161\u00ed modlitebn\u011b bude pok\u0159t\u011bn Jan Pletka<\/p>\n","protected":false},"excerpt":{"rendered":"<p>Tuto sobotu, 18. prosince budeme slavit Pam\u00e1tku ve\u010de\u0159e P\u00e1n\u011b. Z d\u016fvod\u016f covidov\u00e9 situace bude op\u011bt rozd\u011blena na dv\u011b \u010d\u00e1sti: * od 9:30 bude prob\u00edhat pam\u00e1tka ur\u010den\u00e1 pro seniory * od 11:00 pak pro ostatn\u00ed \u010dleny na\u0161eho sboru Ke konci tohoto t\u00fddne n\u00e1s tak\u00e9 \u010dekaj\u00ed dva k\u0159ty. Sv\u00e9 rozhodnut\u00ed odevzdat sv\u016fj \u017eivot Bohu potvrd\u00ed slavnostn\u00edm k\u0159tem &hellip; <a href=\"https:\/\/radvanice.casd.cz\/?p=37448\" class=\"more-link\">Pokra\u010dov\u00e1n\u00ed textu <span class=\"screen-reader-text\">Ozn\u00e1men\u00ed ohledn\u011b dvou \u010d\u00e1st\u00ed Pam\u00e1tky ve\u010de\u0159e P\u00e1n\u011b 18. prosince v 9:30 a 11:00<\/span><\/a><\/p>\n","protected":false},"author":2,"featured_media":0,"comment_status":"closed","ping_status":"open","sticky":false,"template":"","format":"standard","meta":{"_monsterinsights_skip_tracking":false,"_monsterinsights_sitenote_active":false,"_monsterinsights_sitenote_note":"","_monsterinsights_sitenote_category":0,"ngg_post_thumbnail":0,"footnotes":""},"categories":[19],"tags":[],"class_list":["post-37448","post","type-post","status-publish","format-standard","hentry","category-ze-zivota-sboru"],"_links":{"self":[{"href":"https:\/\/radvanice.casd.cz\/index.php?rest_route=\/wp\/v2\/posts\/37448","targetHints":{"allow":["GET"]}}],"collection":[{"href":"https:\/\/radvanice.casd.cz\/index.php?rest_route=\/wp\/v2\/posts"}],"about":[{"href":"https:\/\/radvanice.casd.cz\/index.php?rest_route=\/wp\/v2\/types\/post"}],"author":[{"embeddable":true,"href":"https:\/\/radvanice.casd.cz\/index.php?rest_route=\/wp\/v2\/users\/2"}],"replies":[{"embeddable":true,"href":"https:\/\/radvanice.casd.cz\/index.php?rest_route=%2Fwp%2Fv2%2Fcomments&post=37448"}],"version-history":[{"count":1,"href":"https:\/\/radvanice.casd.cz\/index.php?rest_route=\/wp\/v2\/posts\/37448\/revisions"}],"predecessor-version":[{"id":37449,"href":"https:\/\/radvanice.casd.cz\/index.php?rest_route=\/wp\/v2\/posts\/37448\/revisions\/37449"}],"wp:attachment":[{"href":"https:\/\/radvanice.casd.cz\/index.php?rest_route=%2Fwp%2Fv2%2Fmedia&parent=37448"}],"wp:term":[{"taxonomy":"category","embeddable":true,"href":"https:\/\/radvanice.casd.cz\/index.php?rest_route=%2Fwp%2Fv2%2Fcategories&post=37448"},{"taxonomy":"post_tag","embeddable":true,"href":"https:\/\/radvanice.casd.cz\/index.php?rest_route=%2Fwp%2Fv2%2Ftags&post=37448"}],"curies":[{"name":"wp","href":"https:\/\/api.w.org\/{rel}","templated":true}]}}