{"id":37336,"date":"2021-09-17T16:10:35","date_gmt":"2021-09-17T14:10:35","guid":{"rendered":"https:\/\/radvanice.casd.cz\/?p=37336"},"modified":"2021-09-17T16:10:35","modified_gmt":"2021-09-17T14:10:35","slug":"oznameni-ohledne-dvou-casti-pamatky-vecere-pane-18-zari-v-900-a-1100","status":"publish","type":"post","link":"https:\/\/radvanice.casd.cz\/?p=37336","title":{"rendered":"Ozn\u00e1men\u00ed ohledn\u011b dvou \u010d\u00e1st\u00ed Pam\u00e1tky ve\u010de\u0159e P\u00e1n\u011b 18. z\u00e1\u0159\u00ed v 9:00 a 11:00"},"content":{"rendered":"<p>Mil\u00e9 radvanick\u00e9 spole\u010denstv\u00ed,<\/p>\n<p>r\u00e1d bych V\u00e1s pozval tuto sobotu 18. z\u00e1\u0159\u00ed na slavnostvn\u00ed bohoslu\u017ebu slaven\u00ed Ve\u010de\u0159e P\u00e1n\u011b.<br \/>\nVeden\u00ed na\u0161eho sboru se rozhodlo, \u017ee bychom tuto sobotu slavili Pam\u00e1tku ve dvou bohoslu\u017eb\u00e1ch.<\/p>\n<p>Prvn\u00ed \u010d\u00e1st bude ur\u010dena pro Seniory na\u0161eho sboru a bude za\u010d\u00ednat od 9:30.<\/p>\n<p>Druh\u00e1 \u010d\u00e1st pro K\u0159es\u0165ansk\u00fd domov (to jsou v\u0161ichni \u0159azen\u00ed v\u011bkov\u011b pod seniory) za\u010dne v 11:00. Protentokr\u00e1t bu\u010fte p\u0159ipraveni, \u017ee d\u011bti budou sed\u011bt v bl\u00edzkosti rodi\u010d\u016f bez \u010d\u00e1sti ve \u0161kolce.<\/p>\n<p>Samoz\u0159ejm\u011b budeme akceptovat v\u00fdjimky na obou stran\u00e1ch.<\/p>\n<p>Pam\u00e1tka Ve\u010de\u0159e P\u00e1n\u011b bude i protentokr\u00e1t bez um\u00fdv\u00e1n\u00ed nohou. Toto rozhodnut\u00ed vypl\u00fdv\u00e1 z atmosf\u00e9ry a na\u0159\u00edzen\u00ed dne\u0161n\u00ed doby spojen\u00e9 s prevenc\u00ed proti koronaviru. <\/p>\n<p>P\u0159eji n\u00e1m v\u0161em tuto sobotu Bo\u017e\u00ed bl\u00edzkost a po\u017eehn\u00e1n\u00ed z Bo\u017e\u00ed bl\u00edzkosti na t\u00e9to bohoslu\u017eb\u011b.<\/p>\n<p>se srde\u010dn\u00fdm pozdravem<br \/>\n<em>Dan Ka\u0161l\u00edk,<br \/>\nkazatel Radvanick\u00e9ho sboru<\/em><\/p>\n","protected":false},"excerpt":{"rendered":"<p>Mil\u00e9 radvanick\u00e9 spole\u010denstv\u00ed, r\u00e1d bych V\u00e1s pozval tuto sobotu 18. z\u00e1\u0159\u00ed na slavnostvn\u00ed bohoslu\u017ebu slaven\u00ed Ve\u010de\u0159e P\u00e1n\u011b. Veden\u00ed na\u0161eho sboru se rozhodlo, \u017ee bychom tuto sobotu slavili Pam\u00e1tku ve dvou bohoslu\u017eb\u00e1ch. Prvn\u00ed \u010d\u00e1st bude ur\u010dena pro Seniory na\u0161eho sboru a bude za\u010d\u00ednat od 9:30. Druh\u00e1 \u010d\u00e1st pro K\u0159es\u0165ansk\u00fd domov (to jsou v\u0161ichni \u0159azen\u00ed v\u011bkov\u011b pod &hellip; <a href=\"https:\/\/radvanice.casd.cz\/?p=37336\" class=\"more-link\">Pokra\u010dov\u00e1n\u00ed textu <span class=\"screen-reader-text\">Ozn\u00e1men\u00ed ohledn\u011b dvou \u010d\u00e1st\u00ed Pam\u00e1tky ve\u010de\u0159e P\u00e1n\u011b 18. z\u00e1\u0159\u00ed v 9:00 a 11:00<\/span><\/a><\/p>\n","protected":false},"author":2,"featured_media":0,"comment_status":"closed","ping_status":"open","sticky":false,"template":"","format":"standard","meta":{"_monsterinsights_skip_tracking":false,"_monsterinsights_sitenote_active":false,"_monsterinsights_sitenote_note":"","_monsterinsights_sitenote_category":0,"ngg_post_thumbnail":0,"footnotes":""},"categories":[18],"tags":[],"class_list":["post-37336","post","type-post","status-publish","format-standard","hentry","category-pozvanky"],"_links":{"self":[{"href":"https:\/\/radvanice.casd.cz\/index.php?rest_route=\/wp\/v2\/posts\/37336","targetHints":{"allow":["GET"]}}],"collection":[{"href":"https:\/\/radvanice.casd.cz\/index.php?rest_route=\/wp\/v2\/posts"}],"about":[{"href":"https:\/\/radvanice.casd.cz\/index.php?rest_route=\/wp\/v2\/types\/post"}],"author":[{"embeddable":true,"href":"https:\/\/radvanice.casd.cz\/index.php?rest_route=\/wp\/v2\/users\/2"}],"replies":[{"embeddable":true,"href":"https:\/\/radvanice.casd.cz\/index.php?rest_route=%2Fwp%2Fv2%2Fcomments&post=37336"}],"version-history":[{"count":1,"href":"https:\/\/radvanice.casd.cz\/index.php?rest_route=\/wp\/v2\/posts\/37336\/revisions"}],"predecessor-version":[{"id":37337,"href":"https:\/\/radvanice.casd.cz\/index.php?rest_route=\/wp\/v2\/posts\/37336\/revisions\/37337"}],"wp:attachment":[{"href":"https:\/\/radvanice.casd.cz\/index.php?rest_route=%2Fwp%2Fv2%2Fmedia&parent=37336"}],"wp:term":[{"taxonomy":"category","embeddable":true,"href":"https:\/\/radvanice.casd.cz\/index.php?rest_route=%2Fwp%2Fv2%2Fcategories&post=37336"},{"taxonomy":"post_tag","embeddable":true,"href":"https:\/\/radvanice.casd.cz\/index.php?rest_route=%2Fwp%2Fv2%2Ftags&post=37336"}],"curies":[{"name":"wp","href":"https:\/\/api.w.org\/{rel}","templated":true}]}}