{"id":37245,"date":"2021-06-28T18:58:26","date_gmt":"2021-06-28T16:58:26","guid":{"rendered":"https:\/\/radvanice.casd.cz\/?p=37245"},"modified":"2021-06-28T18:58:26","modified_gmt":"2021-06-28T16:58:26","slug":"posledni-rozlouceni-s-bratrem-janem-gomolou-2-cervence-2021","status":"publish","type":"post","link":"https:\/\/radvanice.casd.cz\/?p=37245","title":{"rendered":"Posledn\u00ed rozlou\u010den\u00ed s bratrem Janem Gomolou (2. \u010dervence 2021)"},"content":{"rendered":"<p>V p\u00e1tek 25. \u010dervna 2021, v po\u017eehnan\u00e9m v\u011bku 105 let, zem\u0159el bratr Jan Gomola, \u010dlen sboru Ostrava-Z\u00e1b\u0159eh. Posledn\u00ed rozlou\u010den\u00ed s bratrem prob\u011bhne v p\u00e1tek 2. \u010dervence v 13:30 hodin v ob\u0159adn\u00ed s\u00edni na h\u0159bitov\u011b v Ostrav\u011b-V\u00edtkovic\u00edch. Po smute\u010dn\u00edm ob\u0159adu bude ulo\u017een do rodinn\u00e9ho hrobu na m\u00edstn\u00edm h\u0159bitov\u011b.<\/p>\n<p><i>I \u0159ekl Je\u017e\u00ed\u0161: &#8222;J\u00e1 jsem vzk\u0159\u00ed\u0161en\u00ed i \u017eivot. Kdo v\u011b\u0159\u00ed ve mne, by\u0165 pak i um\u0159el, \u017eiv bude.&#8220;<br \/>\n(Bible)<\/i><\/p>\n<p><a href=\"https:\/\/radvanice.casd.cz\/wp-content\/uploads\/smutecni_oznameni_jan_gomola.jpg\"><img loading=\"lazy\" decoding=\"async\" src=\"https:\/\/radvanice.casd.cz\/wp-content\/uploads\/smutecni_oznameni_jan_gomola-716x1024.jpg\" alt=\"\" width=\"625\" height=\"894\" class=\"aligncenter size-large wp-image-37246\" srcset=\"https:\/\/radvanice.casd.cz\/wp-content\/uploads\/smutecni_oznameni_jan_gomola-716x1024.jpg 716w, https:\/\/radvanice.casd.cz\/wp-content\/uploads\/smutecni_oznameni_jan_gomola-210x300.jpg 210w, https:\/\/radvanice.casd.cz\/wp-content\/uploads\/smutecni_oznameni_jan_gomola-768x1098.jpg 768w, https:\/\/radvanice.casd.cz\/wp-content\/uploads\/smutecni_oznameni_jan_gomola-624x892.jpg 624w, https:\/\/radvanice.casd.cz\/wp-content\/uploads\/smutecni_oznameni_jan_gomola.jpg 1030w\" sizes=\"auto, (max-width: 625px) 100vw, 625px\" \/><\/a><\/p>\n","protected":false},"excerpt":{"rendered":"<p>V p\u00e1tek 25. \u010dervna 2021, v po\u017eehnan\u00e9m v\u011bku 105 let, zem\u0159el bratr Jan Gomola, \u010dlen sboru Ostrava-Z\u00e1b\u0159eh. Posledn\u00ed rozlou\u010den\u00ed s bratrem prob\u011bhne v p\u00e1tek 2. \u010dervence v 13:30 hodin v ob\u0159adn\u00ed s\u00edni na h\u0159bitov\u011b v Ostrav\u011b-V\u00edtkovic\u00edch. Po smute\u010dn\u00edm ob\u0159adu bude ulo\u017een do rodinn\u00e9ho hrobu na m\u00edstn\u00edm h\u0159bitov\u011b. I \u0159ekl Je\u017e\u00ed\u0161: &#8222;J\u00e1 jsem vzk\u0159\u00ed\u0161en\u00ed i \u017eivot. &hellip; <a href=\"https:\/\/radvanice.casd.cz\/?p=37245\" class=\"more-link\">Pokra\u010dov\u00e1n\u00ed textu <span class=\"screen-reader-text\">Posledn\u00ed rozlou\u010den\u00ed s bratrem Janem Gomolou (2. \u010dervence 2021)<\/span><\/a><\/p>\n","protected":false},"author":2,"featured_media":0,"comment_status":"closed","ping_status":"open","sticky":false,"template":"","format":"standard","meta":{"_monsterinsights_skip_tracking":false,"_monsterinsights_sitenote_active":false,"_monsterinsights_sitenote_note":"","_monsterinsights_sitenote_category":0,"ngg_post_thumbnail":0,"footnotes":""},"categories":[47],"tags":[],"class_list":["post-37245","post","type-post","status-publish","format-standard","hentry","category-ze-zivota-cirkve"],"_links":{"self":[{"href":"https:\/\/radvanice.casd.cz\/index.php?rest_route=\/wp\/v2\/posts\/37245","targetHints":{"allow":["GET"]}}],"collection":[{"href":"https:\/\/radvanice.casd.cz\/index.php?rest_route=\/wp\/v2\/posts"}],"about":[{"href":"https:\/\/radvanice.casd.cz\/index.php?rest_route=\/wp\/v2\/types\/post"}],"author":[{"embeddable":true,"href":"https:\/\/radvanice.casd.cz\/index.php?rest_route=\/wp\/v2\/users\/2"}],"replies":[{"embeddable":true,"href":"https:\/\/radvanice.casd.cz\/index.php?rest_route=%2Fwp%2Fv2%2Fcomments&post=37245"}],"version-history":[{"count":1,"href":"https:\/\/radvanice.casd.cz\/index.php?rest_route=\/wp\/v2\/posts\/37245\/revisions"}],"predecessor-version":[{"id":37247,"href":"https:\/\/radvanice.casd.cz\/index.php?rest_route=\/wp\/v2\/posts\/37245\/revisions\/37247"}],"wp:attachment":[{"href":"https:\/\/radvanice.casd.cz\/index.php?rest_route=%2Fwp%2Fv2%2Fmedia&parent=37245"}],"wp:term":[{"taxonomy":"category","embeddable":true,"href":"https:\/\/radvanice.casd.cz\/index.php?rest_route=%2Fwp%2Fv2%2Fcategories&post=37245"},{"taxonomy":"post_tag","embeddable":true,"href":"https:\/\/radvanice.casd.cz\/index.php?rest_route=%2Fwp%2Fv2%2Ftags&post=37245"}],"curies":[{"name":"wp","href":"https:\/\/api.w.org\/{rel}","templated":true}]}}