{"id":36583,"date":"2020-10-01T09:53:06","date_gmt":"2020-10-01T07:53:06","guid":{"rendered":"http:\/\/radvanice.casd.cz\/?p=36583"},"modified":"2020-10-01T09:53:06","modified_gmt":"2020-10-01T07:53:06","slug":"dopis-predsedy-cesko-slovenske-unie-k-aktualni-pandemicke-situaci","status":"publish","type":"post","link":"https:\/\/radvanice.casd.cz\/?p=36583","title":{"rendered":"Dopis p\u0159edsedy \u010cesko-Slovensk\u00e9 unie k aktu\u00e1ln\u00ed pandemick\u00e9 situaci"},"content":{"rendered":"<p>Mil\u00e9 sestry a bratia,<\/p>\n<p>m\u00e1lokto \u010dakal, \u017ee v tomto jesennom obdob\u00ed budeme op\u00e4\u0165 \u010deli\u0165 vlne pand\u00e9mie, ktor\u00e1 rastie s e\u0161te v\u00e4\u010d\u0161ou intenzitou, ne\u017e sme to za\u017eili na jej za\u010diatku v jari tohto roku. Zdalo sa, \u017ee sa postupne vraciame do norm\u00e1lneho ob\u010dianskeho, pracovn\u00e9ho a cirkevn\u00e9ho \u017eivota, ale \u0161tatistiky o \u0161\u00edren\u00ed koronav\u00edrusu ukazuj\u00fa opak. Najbli\u017e\u0161ie t\u00fd\u017edne a mesiace bud\u00fa poznamenan\u00e9 nov\u00fdmi obmedzeniami, ktor\u00e9 sa  pravdepodobne dotkn\u00fa aj na\u0161ich zborov\u00fdch spolo\u010denstiev a napl\u00e1novan\u00fdch jesenn\u00fdch cirkevn\u00fdch akci\u00ed. Zachovajme si rozvahu, ducha solidarity a spolupatri\u010dnosti a spr\u00e1vajme sa jeden k druh\u00e9mu zodpovedne a oh\u013eaduplne, aby sme aj toto obdobie spolo\u010dne zvl\u00e1dli podobne ako v predch\u00e1dzaj\u00facich mesiacoch. Re\u0161pektujme nariadenia autor\u00edt pokia\u013e ide o opatrenia na obmedzenie \u0161\u00edrenia n\u00e1kazy a neprid\u00e1vajme sa k t\u00fdm, ktor\u00ed ich spochyb\u0148uj\u00fa. Bu\u010fme opatrn\u00ed aj v tom, s ak\u00fdmi medi\u00e1lnymi zdrojmi pracujeme. Nedajme sa oklama\u0165 lacn\u00fdmi a pochybn\u00fdmi inform\u00e1ciami, ktor\u00e9 z\u013eah\u010duj\u00fa s\u00fa\u010dasn\u00fa situ\u00e1ciu, no na druhej strane nepod\u013eahnime strachu a \u00fazkosti z neistej bud\u00facnosti. V\u0161etko to pozit\u00edvne, dobr\u00e9 a funk\u010dn\u00e9, \u010do sme sa nau\u010dili a praktizovali v prv\u00fdch mesiacoch pand\u00e9mie, uplatnime aj teraz. Vyu\u017eime v\u0161etky pr\u00edle\u017eitosti na slu\u017ebu t\u00fdm, ktor\u00ed n\u00e1s najviac v tomto obdob\u00ed potrebuj\u00fa. Zdru\u017eenia, \u00fania a na\u0161e oddelenia a in\u0161tit\u00facie s\u00fa pripraven\u00e9 pom\u00f4c\u0165 v\u00e1m, sestr\u00e1m a bratom, va\u0161im zborom tak, aby sme aj nastavaj\u00face obdobie zvl\u00e1dli bez oslabenia na\u0161ich zborov\u00fdch v\u00e4zieb, vz\u00e1jomn\u00fdch vz\u0165ahov a d\u00f4very v Bo\u017eie vedenie a moc. \u201eViem, komu som uveril,\u201c nap\u00edsal apo\u0161tol Pavol. T\u00e1to istota a n\u00e1dej nech n\u00e1s sprev\u00e1dza a ako spolo\u010denstvo navz\u00e1jom sp\u00e1ja.<\/p>\n<p>Mikul\u00e1\u0161 Pavl\u00edk<\/p>\n","protected":false},"excerpt":{"rendered":"<p>Mil\u00e9 sestry a bratia, m\u00e1lokto \u010dakal, \u017ee v tomto jesennom obdob\u00ed budeme op\u00e4\u0165 \u010deli\u0165 vlne pand\u00e9mie, ktor\u00e1 rastie s e\u0161te v\u00e4\u010d\u0161ou intenzitou, ne\u017e sme to za\u017eili na jej za\u010diatku v jari tohto roku. Zdalo sa, \u017ee sa postupne vraciame do norm\u00e1lneho ob\u010dianskeho, pracovn\u00e9ho a cirkevn\u00e9ho \u017eivota, ale \u0161tatistiky o \u0161\u00edren\u00ed koronav\u00edrusu ukazuj\u00fa opak. Najbli\u017e\u0161ie t\u00fd\u017edne &hellip; <a href=\"https:\/\/radvanice.casd.cz\/?p=36583\" class=\"more-link\">Pokra\u010dov\u00e1n\u00ed textu <span class=\"screen-reader-text\">Dopis p\u0159edsedy \u010cesko-Slovensk\u00e9 unie k aktu\u00e1ln\u00ed pandemick\u00e9 situaci<\/span><\/a><\/p>\n","protected":false},"author":2,"featured_media":0,"comment_status":"closed","ping_status":"open","sticky":false,"template":"","format":"standard","meta":{"_monsterinsights_skip_tracking":false,"_monsterinsights_sitenote_active":false,"_monsterinsights_sitenote_note":"","_monsterinsights_sitenote_category":0,"ngg_post_thumbnail":0,"footnotes":""},"categories":[77,47],"tags":[],"class_list":["post-36583","post","type-post","status-publish","format-standard","hentry","category-koronavirus","category-ze-zivota-cirkve"],"_links":{"self":[{"href":"https:\/\/radvanice.casd.cz\/index.php?rest_route=\/wp\/v2\/posts\/36583","targetHints":{"allow":["GET"]}}],"collection":[{"href":"https:\/\/radvanice.casd.cz\/index.php?rest_route=\/wp\/v2\/posts"}],"about":[{"href":"https:\/\/radvanice.casd.cz\/index.php?rest_route=\/wp\/v2\/types\/post"}],"author":[{"embeddable":true,"href":"https:\/\/radvanice.casd.cz\/index.php?rest_route=\/wp\/v2\/users\/2"}],"replies":[{"embeddable":true,"href":"https:\/\/radvanice.casd.cz\/index.php?rest_route=%2Fwp%2Fv2%2Fcomments&post=36583"}],"version-history":[{"count":1,"href":"https:\/\/radvanice.casd.cz\/index.php?rest_route=\/wp\/v2\/posts\/36583\/revisions"}],"predecessor-version":[{"id":36584,"href":"https:\/\/radvanice.casd.cz\/index.php?rest_route=\/wp\/v2\/posts\/36583\/revisions\/36584"}],"wp:attachment":[{"href":"https:\/\/radvanice.casd.cz\/index.php?rest_route=%2Fwp%2Fv2%2Fmedia&parent=36583"}],"wp:term":[{"taxonomy":"category","embeddable":true,"href":"https:\/\/radvanice.casd.cz\/index.php?rest_route=%2Fwp%2Fv2%2Fcategories&post=36583"},{"taxonomy":"post_tag","embeddable":true,"href":"https:\/\/radvanice.casd.cz\/index.php?rest_route=%2Fwp%2Fv2%2Ftags&post=36583"}],"curies":[{"name":"wp","href":"https:\/\/api.w.org\/{rel}","templated":true}]}}