{"id":36030,"date":"2020-09-25T20:00:05","date_gmt":"2020-09-25T18:00:05","guid":{"rendered":"http:\/\/radvanice.casd.cz\/?p=36030"},"modified":"2022-04-28T14:21:50","modified_gmt":"2022-04-28T12:21:50","slug":"kratke-zamysleni-nad-primluvnou-modlitbou-2-9","status":"publish","type":"post","link":"https:\/\/radvanice.casd.cz\/?p=36030","title":{"rendered":"Kr\u00e1tk\u00e9 zamy\u0161len\u00ed nad p\u0159\u00edmluvnou modlitbou (2\/9)"},"content":{"rendered":"<p>Jsem P\u00e1nu vd\u011b\u010dn\u00fd, \u017ee se m\u016f\u017eeme jako jedna sborov\u00e1 rodina spolu modlit za konkr\u00e9tn\u00ed rodiny a \u010dleny na\u0161eho sboru. I kdy\u017e bylo obdob\u00ed, kdy jsme se nemohli &#8222;shroma\u017e\u010fovat&#8220; fyzicky a je docela mo\u017en\u00e9, \u017ee  se brzy budou omezen\u00ed opakovat, v\u011b\u0159\u00edm, \u017ee se i p\u0159esto m\u016f\u017eeme p\u0159i na\u0161ich spole\u010dn\u00fdch modlitb\u00e1ch op\u00edrat o Je\u017e\u00ed\u0161ovo zasl\u00edben\u00ed, kter\u00e9 zapsal evangelista Matou\u0161 v 18. kapitole:<br \/>\n<em>Op\u011bt v\u00e1m prav\u00edm, shodnou-li se dva z v\u00e1s na zemi v prosb\u011b o jakoukoli v\u011bc, m\u016fj nebesk\u00fd Otec jim to u\u010din\u00ed. Nebo\u0165 kde jsou dva nebo t\u0159i shrom\u00e1\u017ed\u011bni ve jm\u00e9nu m\u00e9m, tam jsem j\u00e1 uprost\u0159ed nich.<\/em><\/p>\n<p>Jsou ale tak\u00e9 modlitby, do kter\u00fdch jsme zapojeni jen my sami. Prosby, kter\u00e9 nikdo jin\u00fd k Bohu nevys\u00edl\u00e1. A tehdy m\u016f\u017ee n\u011bkoho tento text snad i zmalomysln\u011bt. Jsme ale v t\u011bchto modlitb\u00e1ch opravdu sami? M\u011b osobn\u011b oslovuje jedna \u010d\u00e1st z Pavlova listu do \u0158\u00edma, kde Pavel popisuje, jak se k na\u0161im nedokonal\u00fdm prosb\u00e1m p\u0159ipojuje je\u0161t\u011b jedna osoba &#8230; \u0158\u00edman\u016fm 8,26.27 (B21):<br \/>\n<em>&#8222;Pr\u00e1v\u011b tak n\u00e1m tak\u00e9 Duch pom\u00e1h\u00e1 v na\u0161\u00ed slabosti. Kdy\u017e ani nev\u00edme, za co a jak se spr\u00e1vn\u011b modlit, s\u00e1m Duch pros\u00ed s nev\u00fdslovn\u00fdm \u00fap\u011bn\u00edm za n\u00e1s. Ten, kter\u00fd zkoum\u00e1 srdce, ov\u0161em rozum\u00ed smyslu Ducha, \u017ee podle Bo\u017e\u00ed v\u016fle pros\u00ed za svat\u00e9.&#8220;<\/em><br \/>\nJe to povzbuzuj\u00edc\u00ed, \u017ee k na\u0161\u00ed nedokonal\u00e9 modlitb\u011b, a\u0165 u\u017e soukrom\u00e9 nebo spole\u010dn\u00e9, se p\u0159ipojuje i Duch Svat\u00fd. A proto t\u00edm sp\u00ed\u0161e &#8222;<em>v modlitb\u00e1ch neust\u00e1vejte<\/em>&#8220; (1. Timoteova 5,17).<br \/>\n<!--\nPro povzbuzen\u00ed p\u0159ipojuji tak\u00e9 odkaz na \u010dl\u00e1nek (z \u00favodu k \u0161est\u00e9mu t\u00fddnu aktivity 100 dn\u00ed modliteb), ve kter\u00e9m man\u017eelka Oregonsk\u00e9ho kazatele popisuje svou vlastn\u00ed zku\u0161enost s pocitem necht\u011bn\u00e9 \"modlitebn\u00ed samoty\" a jak ji B\u016fh otev\u0159el o\u010di:\n<a href=\"http:\/\/100dnimodliteb.cz\/2020\/04\/30\/tyzden-6-100-dni-modlitieb\/\">http:\/\/100dnimodliteb.cz\/2020\/04\/30\/tyzden-6-100-dni-modlitieb\/<\/a>\n--><\/p>\n","protected":false},"excerpt":{"rendered":"<p>Jsem P\u00e1nu vd\u011b\u010dn\u00fd, \u017ee se m\u016f\u017eeme jako jedna sborov\u00e1 rodina spolu modlit za konkr\u00e9tn\u00ed rodiny a \u010dleny na\u0161eho sboru. I kdy\u017e bylo obdob\u00ed, kdy jsme se nemohli &#8222;shroma\u017e\u010fovat&#8220; fyzicky a je docela mo\u017en\u00e9, \u017ee se brzy budou omezen\u00ed opakovat, v\u011b\u0159\u00edm, \u017ee se i p\u0159esto m\u016f\u017eeme p\u0159i na\u0161ich spole\u010dn\u00fdch modlitb\u00e1ch op\u00edrat o Je\u017e\u00ed\u0161ovo zasl\u00edben\u00ed, kter\u00e9 zapsal &hellip; <a href=\"https:\/\/radvanice.casd.cz\/?p=36030\" class=\"more-link\">Pokra\u010dov\u00e1n\u00ed textu <span class=\"screen-reader-text\">Kr\u00e1tk\u00e9 zamy\u0161len\u00ed nad p\u0159\u00edmluvnou modlitbou (2\/9)<\/span><\/a><\/p>\n","protected":false},"author":2,"featured_media":0,"comment_status":"closed","ping_status":"open","sticky":false,"template":"","format":"standard","meta":{"_monsterinsights_skip_tracking":false,"_monsterinsights_sitenote_active":false,"_monsterinsights_sitenote_note":"","_monsterinsights_sitenote_category":0,"ngg_post_thumbnail":0,"footnotes":""},"categories":[80,32],"tags":[],"class_list":["post-36030","post","type-post","status-publish","format-standard","hentry","category-o-primluvne-modlitbe","category-zamysleni"],"_links":{"self":[{"href":"https:\/\/radvanice.casd.cz\/index.php?rest_route=\/wp\/v2\/posts\/36030","targetHints":{"allow":["GET"]}}],"collection":[{"href":"https:\/\/radvanice.casd.cz\/index.php?rest_route=\/wp\/v2\/posts"}],"about":[{"href":"https:\/\/radvanice.casd.cz\/index.php?rest_route=\/wp\/v2\/types\/post"}],"author":[{"embeddable":true,"href":"https:\/\/radvanice.casd.cz\/index.php?rest_route=\/wp\/v2\/users\/2"}],"replies":[{"embeddable":true,"href":"https:\/\/radvanice.casd.cz\/index.php?rest_route=%2Fwp%2Fv2%2Fcomments&post=36030"}],"version-history":[{"count":5,"href":"https:\/\/radvanice.casd.cz\/index.php?rest_route=\/wp\/v2\/posts\/36030\/revisions"}],"predecessor-version":[{"id":37993,"href":"https:\/\/radvanice.casd.cz\/index.php?rest_route=\/wp\/v2\/posts\/36030\/revisions\/37993"}],"wp:attachment":[{"href":"https:\/\/radvanice.casd.cz\/index.php?rest_route=%2Fwp%2Fv2%2Fmedia&parent=36030"}],"wp:term":[{"taxonomy":"category","embeddable":true,"href":"https:\/\/radvanice.casd.cz\/index.php?rest_route=%2Fwp%2Fv2%2Fcategories&post=36030"},{"taxonomy":"post_tag","embeddable":true,"href":"https:\/\/radvanice.casd.cz\/index.php?rest_route=%2Fwp%2Fv2%2Ftags&post=36030"}],"curies":[{"name":"wp","href":"https:\/\/api.w.org\/{rel}","templated":true}]}}