{"id":35926,"date":"2020-07-02T22:53:11","date_gmt":"2020-07-02T20:53:11","guid":{"rendered":"http:\/\/radvanice.casd.cz\/?p=35926"},"modified":"2020-07-03T09:48:48","modified_gmt":"2020-07-03T07:48:48","slug":"posunuti-oficialniho-zacatku-nasich-bohosluzeb","status":"publish","type":"post","link":"https:\/\/radvanice.casd.cz\/?p=35926","title":{"rendered":"Posunut\u00ed ofici\u00e1ln\u00edho za\u010d\u00e1tku na\u0161ich bohoslu\u017eeb"},"content":{"rendered":"<p>Mil\u00ed p\u0159\u00e1tel\u00e9 a \u010dlenov\u00e9 Radvanick\u00e9ho sboru,<\/p>\n<p>P\u00ed\u0161u V\u00e1m ohledn\u011b situace, kter\u00e1 se v severomoravsk\u00e9m kraji v r\u00e1mci koronaviru zhor\u0161ila &#8211; zvl\u00e1\u0161t\u011b v karvinsk\u00e9m a fr\u00fddecko-m\u00edsteck\u00e9m regionu. Proto\u017ee n\u00e1\u0161 sbor s t\u011bmito m\u00edsty t\u011bsn\u011b soused\u00ed a n\u011bkte\u0159\u00ed na\u0161i \u010dlenov\u00e9 zde bydl\u00ed, nebo v n\u011bm pracuj\u00ed, rozhodl se v\u00fdbor na\u0161eho sboru posunout ofici\u00e1ln\u00ed za\u010d\u00e1tek na\u0161ich bohoslu\u017eeb na neur\u010dito. Za 14 dn\u00ed situaci zhodnot\u00edme znovu a d\u00e1me aktu\u00e1ln\u00ed zpr\u00e1vu o ofici\u00e1ln\u00edm za\u010d\u00e1tku.<\/p>\n<p>Nicm\u00e9n\u011b proto\u017ee nyn\u011bj\u0161\u00ed komorn\u00ed bohoslu\u017eby \u00fasp\u011b\u0161n\u011b prob\u00edhaj\u00ed (v po\u010dtu kolem 35 lid\u00ed) a p\u0159in\u00e1\u0161\u00ed t\u011bm, kte\u0159\u00ed p\u0159ich\u00e1z\u00ed u\u017eitek a po\u017eehn\u00e1n\u00ed, r\u00e1di bychom v nich pokra\u010dovali. Pro ty, kte\u0159\u00ed budou cht\u00edt, mohou v m\u011bs\u00edci \u010dervenci p\u0159ij\u00edt do na\u0161\u00ed modlitebny na 10:00, kde prob\u00edh\u00e1 spole\u010dn\u00e9 zp\u00edv\u00e1n\u00ed, sd\u00edlen\u00ed se a k\u00e1z\u00e1n\u00ed Bo\u017e\u00edho slova (v m\u011bs\u00edci \u010dervenci s br. Ka\u0161l\u00edkem D. a Jure\u010dkem B.) Kdo by cht\u011bl p\u0159ij\u00edt, je v\u00edt\u00e1n.<\/p>\n<p>D\u011bkuji v\u0161em za modlitby a spolupr\u00e1ci pro n\u00e1\u0161 sbor. V\u011b\u0159\u00edm, \u017ee n\u00e1s B\u016fh v tomto \u010dase zvl\u00e1\u0161t\u011b vede a posiluje ka\u017ed\u00e9ho z n\u00e1s. Moc se t\u011b\u0161\u00edme, a\u017e budeme op\u011bt v\u0161ichni spolu.<\/p>\n<p>S p\u0159\u00e1n\u00edm Bo\u017e\u00edho po\u017eehn\u00e1n\u00ed zdrav\u00ed<\/p>\n<p>Dan Ka\u0161l\u00edk, kazatel Radvanick\u00e9ho sboru<br \/>\n777571012, dkaslik@centrum.cz<\/p>\n","protected":false},"excerpt":{"rendered":"<p>Mil\u00ed p\u0159\u00e1tel\u00e9 a \u010dlenov\u00e9 Radvanick\u00e9ho sboru, P\u00ed\u0161u V\u00e1m ohledn\u011b situace, kter\u00e1 se v severomoravsk\u00e9m kraji v r\u00e1mci koronaviru zhor\u0161ila &#8211; zvl\u00e1\u0161t\u011b v karvinsk\u00e9m a fr\u00fddecko-m\u00edsteck\u00e9m regionu. Proto\u017ee n\u00e1\u0161 sbor s t\u011bmito m\u00edsty t\u011bsn\u011b soused\u00ed a n\u011bkte\u0159\u00ed na\u0161i \u010dlenov\u00e9 zde bydl\u00ed, nebo v n\u011bm pracuj\u00ed, rozhodl se v\u00fdbor na\u0161eho sboru posunout ofici\u00e1ln\u00ed za\u010d\u00e1tek na\u0161ich bohoslu\u017eeb na &hellip; <a href=\"https:\/\/radvanice.casd.cz\/?p=35926\" class=\"more-link\">Pokra\u010dov\u00e1n\u00ed textu <span class=\"screen-reader-text\">Posunut\u00ed ofici\u00e1ln\u00edho za\u010d\u00e1tku na\u0161ich bohoslu\u017eeb<\/span><\/a><\/p>\n","protected":false},"author":2,"featured_media":0,"comment_status":"closed","ping_status":"open","sticky":false,"template":"","format":"standard","meta":{"_monsterinsights_skip_tracking":false,"_monsterinsights_sitenote_active":false,"_monsterinsights_sitenote_note":"","_monsterinsights_sitenote_category":0,"ngg_post_thumbnail":0,"footnotes":""},"categories":[77,19],"tags":[],"class_list":["post-35926","post","type-post","status-publish","format-standard","hentry","category-koronavirus","category-ze-zivota-sboru"],"_links":{"self":[{"href":"https:\/\/radvanice.casd.cz\/index.php?rest_route=\/wp\/v2\/posts\/35926","targetHints":{"allow":["GET"]}}],"collection":[{"href":"https:\/\/radvanice.casd.cz\/index.php?rest_route=\/wp\/v2\/posts"}],"about":[{"href":"https:\/\/radvanice.casd.cz\/index.php?rest_route=\/wp\/v2\/types\/post"}],"author":[{"embeddable":true,"href":"https:\/\/radvanice.casd.cz\/index.php?rest_route=\/wp\/v2\/users\/2"}],"replies":[{"embeddable":true,"href":"https:\/\/radvanice.casd.cz\/index.php?rest_route=%2Fwp%2Fv2%2Fcomments&post=35926"}],"version-history":[{"count":2,"href":"https:\/\/radvanice.casd.cz\/index.php?rest_route=\/wp\/v2\/posts\/35926\/revisions"}],"predecessor-version":[{"id":35928,"href":"https:\/\/radvanice.casd.cz\/index.php?rest_route=\/wp\/v2\/posts\/35926\/revisions\/35928"}],"wp:attachment":[{"href":"https:\/\/radvanice.casd.cz\/index.php?rest_route=%2Fwp%2Fv2%2Fmedia&parent=35926"}],"wp:term":[{"taxonomy":"category","embeddable":true,"href":"https:\/\/radvanice.casd.cz\/index.php?rest_route=%2Fwp%2Fv2%2Fcategories&post=35926"},{"taxonomy":"post_tag","embeddable":true,"href":"https:\/\/radvanice.casd.cz\/index.php?rest_route=%2Fwp%2Fv2%2Ftags&post=35926"}],"curies":[{"name":"wp","href":"https:\/\/api.w.org\/{rel}","templated":true}]}}