{"id":34977,"date":"2019-03-09T20:00:32","date_gmt":"2019-03-09T19:00:32","guid":{"rendered":"http:\/\/radvanice.casd.cz\/?p=34977"},"modified":"2019-02-28T22:43:19","modified_gmt":"2019-02-28T21:43:19","slug":"modlitebni-tyden-mladeze-18-25-brezna-2017-2","status":"publish","type":"post","link":"https:\/\/radvanice.casd.cz\/?p=34977","title":{"rendered":"Modlitebn\u00ed t\u00fdden ml\u00e1de\u017ee (16. \u2013 23. b\u0159ezna 2019)"},"content":{"rendered":"<p><a href=\"https:\/\/radvanice.casd.cz\/wp-content\/uploads\/MTM_2019_CZ.jpg\"><img loading=\"lazy\" decoding=\"async\" src=\"https:\/\/radvanice.casd.cz\/wp-content\/uploads\/MTM_2019_CZ-211x300.jpg\" alt=\"\" width=\"211\" height=\"300\" class=\"alignleft size-medium wp-image-34980\" srcset=\"https:\/\/radvanice.casd.cz\/wp-content\/uploads\/MTM_2019_CZ-211x300.jpg 211w, https:\/\/radvanice.casd.cz\/wp-content\/uploads\/MTM_2019_CZ-768x1090.jpg 768w, https:\/\/radvanice.casd.cz\/wp-content\/uploads\/MTM_2019_CZ-722x1024.jpg 722w, https:\/\/radvanice.casd.cz\/wp-content\/uploads\/MTM_2019_CZ-624x885.jpg 624w, https:\/\/radvanice.casd.cz\/wp-content\/uploads\/MTM_2019_CZ.jpg 874w\" sizes=\"auto, (max-width: 211px) 100vw, 211px\" \/><\/a>Od soboty 16. 3. do soboty 23. 3. bude prob\u00edhat modlitebn\u00ed t\u00fdden pro ml\u00e1de\u017e. <a href=\"http:\/\/www.casd.cz\/wp-content\/uploads\/2019\/02\/MTM_2019_CZ_web.pdf\">Zde si m\u016f\u017eete st\u00e1hnout<\/a> materi\u00e1ly, kter\u00e9 maj\u00ed n\u00e1zev \u201eRozhoduj\u00edc\u00ed setk\u00e1n\u00ed\u201c. Mlad\u00ed lid\u00e9 se budou zam\u00fd\u0161let nad t\u00edm, jak je mo\u017en\u00e9 se setkat s Je\u017e\u00ed\u0161em Kristem.<\/p>\n","protected":false},"excerpt":{"rendered":"<p>Od soboty 16. 3. do soboty 23. 3. bude prob\u00edhat modlitebn\u00ed t\u00fdden pro ml\u00e1de\u017e. Zde si m\u016f\u017eete st\u00e1hnout materi\u00e1ly, kter\u00e9 maj\u00ed n\u00e1zev \u201eRozhoduj\u00edc\u00ed setk\u00e1n\u00ed\u201c. Mlad\u00ed lid\u00e9 se budou zam\u00fd\u0161let nad t\u00edm, jak je mo\u017en\u00e9 se setkat s Je\u017e\u00ed\u0161em Kristem.<\/p>\n","protected":false},"author":2,"featured_media":0,"comment_status":"closed","ping_status":"open","sticky":false,"template":"","format":"standard","meta":{"_monsterinsights_skip_tracking":false,"_monsterinsights_sitenote_active":false,"_monsterinsights_sitenote_note":"","_monsterinsights_sitenote_category":0,"ngg_post_thumbnail":0,"footnotes":""},"categories":[47,19],"tags":[],"class_list":["post-34977","post","type-post","status-publish","format-standard","hentry","category-ze-zivota-cirkve","category-ze-zivota-sboru"],"_links":{"self":[{"href":"https:\/\/radvanice.casd.cz\/index.php?rest_route=\/wp\/v2\/posts\/34977","targetHints":{"allow":["GET"]}}],"collection":[{"href":"https:\/\/radvanice.casd.cz\/index.php?rest_route=\/wp\/v2\/posts"}],"about":[{"href":"https:\/\/radvanice.casd.cz\/index.php?rest_route=\/wp\/v2\/types\/post"}],"author":[{"embeddable":true,"href":"https:\/\/radvanice.casd.cz\/index.php?rest_route=\/wp\/v2\/users\/2"}],"replies":[{"embeddable":true,"href":"https:\/\/radvanice.casd.cz\/index.php?rest_route=%2Fwp%2Fv2%2Fcomments&post=34977"}],"version-history":[{"count":3,"href":"https:\/\/radvanice.casd.cz\/index.php?rest_route=\/wp\/v2\/posts\/34977\/revisions"}],"predecessor-version":[{"id":34981,"href":"https:\/\/radvanice.casd.cz\/index.php?rest_route=\/wp\/v2\/posts\/34977\/revisions\/34981"}],"wp:attachment":[{"href":"https:\/\/radvanice.casd.cz\/index.php?rest_route=%2Fwp%2Fv2%2Fmedia&parent=34977"}],"wp:term":[{"taxonomy":"category","embeddable":true,"href":"https:\/\/radvanice.casd.cz\/index.php?rest_route=%2Fwp%2Fv2%2Fcategories&post=34977"},{"taxonomy":"post_tag","embeddable":true,"href":"https:\/\/radvanice.casd.cz\/index.php?rest_route=%2Fwp%2Fv2%2Ftags&post=34977"}],"curies":[{"name":"wp","href":"https:\/\/api.w.org\/{rel}","templated":true}]}}