{"id":34857,"date":"2019-01-08T22:41:56","date_gmt":"2019-01-08T21:41:56","guid":{"rendered":"http:\/\/radvanice.casd.cz\/?p=34857"},"modified":"2019-01-08T22:41:56","modified_gmt":"2019-01-08T21:41:56","slug":"deset-dnu-modliteb-2019","status":"publish","type":"post","link":"https:\/\/radvanice.casd.cz\/?p=34857","title":{"rendered":"Deset dn\u016f modliteb 2019"},"content":{"rendered":"<p><a href=\"https:\/\/radvanice.casd.cz\/wp-content\/uploads\/deset_dnu_modliteb.png\"><img loading=\"lazy\" decoding=\"async\" src=\"https:\/\/radvanice.casd.cz\/wp-content\/uploads\/deset_dnu_modliteb.png\" alt=\"\" width=\"150\" height=\"150\" class=\"alignleft size-full wp-image-33829\" srcset=\"https:\/\/radvanice.casd.cz\/wp-content\/uploads\/deset_dnu_modliteb.png 150w, https:\/\/radvanice.casd.cz\/wp-content\/uploads\/deset_dnu_modliteb-75x75.png 75w\" sizes=\"auto, (max-width: 150px) 100vw, 150px\" \/><\/a>Jednou z ji\u017e tradi\u010dn\u00edch akc\u00ed za\u010d\u00e1tku roku se stal projekt \u201e10 dn\u016f modliteb\u201c. T\u00e9matem roku 2019 je \u201eHlub\u0161\u00ed zku\u0161enost\u201c. B\u011bhem t\u011bchto dn\u016f modliteb budeme p\u0159em\u00fd\u0161let o rozv\u00edjen\u00ed vy\u0161\u0161\u00ed, hlub\u0161\u00ed a \u0161ir\u0161\u00ed zku\u0161enosti s Je\u017e\u00ed\u0161em. Z\u00e1rove\u0148 chceme zkoumat, jak tyto zku\u0161enosti aplikovat do ka\u017edodenn\u00edho praktick\u00e9ho \u017eivota.<\/p>\n<p>Jde o materi\u00e1l, kter\u00fd nemus\u00edte vyu\u017e\u00edt jen b\u011bhem doporu\u010den\u00e9ho data (9. \u2013 19. 1. 2019), ale m\u016f\u017eete jej vyu\u017e\u00edvat b\u011bhem cel\u00e9ho roku. Tento materi\u00e1l je voln\u011b ke sta\u017een\u00ed na webov\u00fdch str\u00e1nk\u00e1m \u010cS unie i Moravskoslezsk\u00e9ho sdru\u017een\u00ed.<\/p>\n<p>Materi\u00e1ly k t\u00e9matu <a href=\"http:\/\/www.casd.cz\/wp-content\/uploads\/2018\/12\/deset-dnu-modliteb_ucastnici.pdf\">najdete pod t\u00edmto odkazem<\/a>.<br \/>\nP\u0159\u00edru\u010dku pro vedouc\u00ed skupinek <a href=\"http:\/\/www.casd.cz\/wp-content\/uploads\/2018\/12\/deset-dnu-modliteb_prirucka.pdf\">najdete pod t\u00edmto odkazem<\/a>.<\/p>\n","protected":false},"excerpt":{"rendered":"<p>Jednou z ji\u017e tradi\u010dn\u00edch akc\u00ed za\u010d\u00e1tku roku se stal projekt \u201e10 dn\u016f modliteb\u201c. T\u00e9matem roku 2019 je \u201eHlub\u0161\u00ed zku\u0161enost\u201c. B\u011bhem t\u011bchto dn\u016f modliteb budeme p\u0159em\u00fd\u0161let o rozv\u00edjen\u00ed vy\u0161\u0161\u00ed, hlub\u0161\u00ed a \u0161ir\u0161\u00ed zku\u0161enosti s Je\u017e\u00ed\u0161em. Z\u00e1rove\u0148 chceme zkoumat, jak tyto zku\u0161enosti aplikovat do ka\u017edodenn\u00edho praktick\u00e9ho \u017eivota. Jde o materi\u00e1l, kter\u00fd nemus\u00edte vyu\u017e\u00edt jen b\u011bhem doporu\u010den\u00e9ho data &hellip; <a href=\"https:\/\/radvanice.casd.cz\/?p=34857\" class=\"more-link\">Pokra\u010dov\u00e1n\u00ed textu <span class=\"screen-reader-text\">Deset dn\u016f modliteb 2019<\/span><\/a><\/p>\n","protected":false},"author":2,"featured_media":0,"comment_status":"closed","ping_status":"open","sticky":false,"template":"","format":"standard","meta":{"_monsterinsights_skip_tracking":false,"_monsterinsights_sitenote_active":false,"_monsterinsights_sitenote_note":"","_monsterinsights_sitenote_category":0,"ngg_post_thumbnail":0,"footnotes":""},"categories":[47],"tags":[],"class_list":["post-34857","post","type-post","status-publish","format-standard","hentry","category-ze-zivota-cirkve"],"_links":{"self":[{"href":"https:\/\/radvanice.casd.cz\/index.php?rest_route=\/wp\/v2\/posts\/34857","targetHints":{"allow":["GET"]}}],"collection":[{"href":"https:\/\/radvanice.casd.cz\/index.php?rest_route=\/wp\/v2\/posts"}],"about":[{"href":"https:\/\/radvanice.casd.cz\/index.php?rest_route=\/wp\/v2\/types\/post"}],"author":[{"embeddable":true,"href":"https:\/\/radvanice.casd.cz\/index.php?rest_route=\/wp\/v2\/users\/2"}],"replies":[{"embeddable":true,"href":"https:\/\/radvanice.casd.cz\/index.php?rest_route=%2Fwp%2Fv2%2Fcomments&post=34857"}],"version-history":[{"count":2,"href":"https:\/\/radvanice.casd.cz\/index.php?rest_route=\/wp\/v2\/posts\/34857\/revisions"}],"predecessor-version":[{"id":36851,"href":"https:\/\/radvanice.casd.cz\/index.php?rest_route=\/wp\/v2\/posts\/34857\/revisions\/36851"}],"wp:attachment":[{"href":"https:\/\/radvanice.casd.cz\/index.php?rest_route=%2Fwp%2Fv2%2Fmedia&parent=34857"}],"wp:term":[{"taxonomy":"category","embeddable":true,"href":"https:\/\/radvanice.casd.cz\/index.php?rest_route=%2Fwp%2Fv2%2Fcategories&post=34857"},{"taxonomy":"post_tag","embeddable":true,"href":"https:\/\/radvanice.casd.cz\/index.php?rest_route=%2Fwp%2Fv2%2Ftags&post=34857"}],"curies":[{"name":"wp","href":"https:\/\/api.w.org\/{rel}","templated":true}]}}