{"id":33791,"date":"2017-12-01T18:00:30","date_gmt":"2017-12-01T17:00:30","guid":{"rendered":"http:\/\/radvanice.casd.cz\/?p=33791"},"modified":"2017-12-14T12:22:54","modified_gmt":"2017-12-14T11:22:54","slug":"benjamin-lacko","status":"publish","type":"post","link":"https:\/\/radvanice.casd.cz\/?p=33791","title":{"rendered":"Benjam\u00edn Lacko"},"content":{"rendered":"<p>V pond\u011bl\u00ed 27. listopadu 2017 se Mart\u011b a Pavlovi Lackov\u00fdm narodil syn Benjam\u00edn (3850g, 50cm). P\u0159ejeme rodi\u010d\u016fm i mal\u00e9mu Benymu Bo\u017e\u00ed ochranu a po\u017eehn\u00e1n\u00ed.<\/p>\n<p><a href=\"https:\/\/radvanice.casd.cz\/wp-content\/uploads\/benjamin_lacko.jpg\"><img loading=\"lazy\" decoding=\"async\" src=\"https:\/\/radvanice.casd.cz\/wp-content\/uploads\/benjamin_lacko-1024x576.jpg\" alt=\"\" width=\"625\" height=\"352\" class=\"alignleft size-large wp-image-33792\" srcset=\"https:\/\/radvanice.casd.cz\/wp-content\/uploads\/benjamin_lacko-1024x576.jpg 1024w, https:\/\/radvanice.casd.cz\/wp-content\/uploads\/benjamin_lacko-300x169.jpg 300w, https:\/\/radvanice.casd.cz\/wp-content\/uploads\/benjamin_lacko-768x432.jpg 768w, https:\/\/radvanice.casd.cz\/wp-content\/uploads\/benjamin_lacko-624x351.jpg 624w\" sizes=\"auto, (max-width: 625px) 100vw, 625px\" \/><\/a><\/p>\n","protected":false},"excerpt":{"rendered":"<p>V pond\u011bl\u00ed 27. listopadu 2017 se Mart\u011b a Pavlovi Lackov\u00fdm narodil syn Benjam\u00edn (3850g, 50cm). P\u0159ejeme rodi\u010d\u016fm i mal\u00e9mu Benymu Bo\u017e\u00ed ochranu a po\u017eehn\u00e1n\u00ed.<\/p>\n","protected":false},"author":2,"featured_media":0,"comment_status":"closed","ping_status":"open","sticky":false,"template":"","format":"standard","meta":{"_monsterinsights_skip_tracking":false,"_monsterinsights_sitenote_active":false,"_monsterinsights_sitenote_note":"","_monsterinsights_sitenote_category":0,"ngg_post_thumbnail":0,"footnotes":""},"categories":[19],"tags":[],"class_list":["post-33791","post","type-post","status-publish","format-standard","hentry","category-ze-zivota-sboru"],"_links":{"self":[{"href":"https:\/\/radvanice.casd.cz\/index.php?rest_route=\/wp\/v2\/posts\/33791","targetHints":{"allow":["GET"]}}],"collection":[{"href":"https:\/\/radvanice.casd.cz\/index.php?rest_route=\/wp\/v2\/posts"}],"about":[{"href":"https:\/\/radvanice.casd.cz\/index.php?rest_route=\/wp\/v2\/types\/post"}],"author":[{"embeddable":true,"href":"https:\/\/radvanice.casd.cz\/index.php?rest_route=\/wp\/v2\/users\/2"}],"replies":[{"embeddable":true,"href":"https:\/\/radvanice.casd.cz\/index.php?rest_route=%2Fwp%2Fv2%2Fcomments&post=33791"}],"version-history":[{"count":3,"href":"https:\/\/radvanice.casd.cz\/index.php?rest_route=\/wp\/v2\/posts\/33791\/revisions"}],"predecessor-version":[{"id":33808,"href":"https:\/\/radvanice.casd.cz\/index.php?rest_route=\/wp\/v2\/posts\/33791\/revisions\/33808"}],"wp:attachment":[{"href":"https:\/\/radvanice.casd.cz\/index.php?rest_route=%2Fwp%2Fv2%2Fmedia&parent=33791"}],"wp:term":[{"taxonomy":"category","embeddable":true,"href":"https:\/\/radvanice.casd.cz\/index.php?rest_route=%2Fwp%2Fv2%2Fcategories&post=33791"},{"taxonomy":"post_tag","embeddable":true,"href":"https:\/\/radvanice.casd.cz\/index.php?rest_route=%2Fwp%2Fv2%2Ftags&post=33791"}],"curies":[{"name":"wp","href":"https:\/\/api.w.org\/{rel}","templated":true}]}}