{"id":33695,"date":"2017-11-04T17:11:22","date_gmt":"2017-11-04T16:11:22","guid":{"rendered":"http:\/\/radvanice.casd.cz\/?p=33695"},"modified":"2017-11-04T17:11:22","modified_gmt":"2017-11-04T16:11:22","slug":"modlitebni-tyden-4-11-listopadu-2017","status":"publish","type":"post","link":"https:\/\/radvanice.casd.cz\/?p=33695","title":{"rendered":"Modlitebn\u00ed t\u00fdden (4. \u2013 11. listopadu 2017)"},"content":{"rendered":"<p>R\u00e1di bychom V\u00e1s v\u0161echny pozvali ke spole\u010dn\u00e9mu pro\u017eit\u00ed Modlitebn\u00edho t\u00fddne 2017, kter\u00fd nese n\u00e1zev &#8222;Kristus, na\u0161e spravedlnost&#8220;.<\/p>\n<p>T\u00e9ma jednotliv\u00fdch dn\u016f pojedn\u00e1vaj\u00ed o hlavn\u00edch a d\u016fle\u017eit\u00fdch bodech reformace a protestantismu, se zam\u011b\u0159en\u00edm na Bo\u017e\u00ed slovo. Letos slav\u00edme 500 let Reformace a chceme si p\u0159ipomenout hlavn\u00ed body, kter\u00e9 platily tehdy a plat\u00ed st\u00e1le. Martin Luther byl Bohem vyvolen\u00fdm a veden\u00fdm \u010dlov\u011bkem, kter\u00fd nechal zasv\u00edtit na kr\u00e1su evangelia tak siln\u011b, \u017ee v jeho sv\u011bt\u011b zp\u016fsobil reformaci. A Bo\u017e\u00ed slovo m\u00e1 stejnou s\u00edlu i dnes.<\/p>\n<p>R\u00e1di bychom se jako sbor spole\u010dn\u011b se\u0161li mimo soboty tak\u00e9 v <strong>ned\u011bli<\/strong>, <strong>pond\u011bl\u00ed<\/strong>, <strong>st\u0159edu<\/strong> a <strong>p\u00e1tek<\/strong> v\u017edy v 18 hodin v horn\u00ed m\u00edstnosti na\u0161eho sboru. \u00dater\u00fd a \u010dtvrtek m\u016f\u017eeme vyu\u017e\u00edt ke spole\u010dn\u00fdm n\u00e1v\u0161t\u011bv\u00e1m, nebo k modlitb\u00e1m v rodinn\u00e9m kruhu.<\/p>\n<p>Modlitebn\u00ed t\u00fdden se ukon\u010d\u00ed sobotn\u00ed slavnostn\u00ed pobo\u017enost\u00ed 11. listopadu. Tato sobota je sobotou dobrovoln\u00e9ho p\u016fstu a vd\u011b\u010dnosti. Ka\u017ed\u00fd z n\u00e1s svou vd\u011b\u010dnost P\u00e1nu Bohu m\u016f\u017eeme vyj\u00e1d\u0159it i p\u0159inesen\u00fdm darem (ze sb\u00edrky modlitebn\u00edho t\u00fddne budou podpo\u0159eny evangeliza\u010dn\u00ed projekty ve sv\u011bt\u011b).<\/p>\n<p>P\u0159edn\u00e1\u0161ky k modlitebn\u00edmu t\u00fddnu m\u016f\u017eete naj\u00edt i <a href=\"http:\/\/advent.advent-orion.cz\/zobrazit\/2017\/08\">v elektronick\u00e9 form\u011b<\/a>.<\/p>\n<p>V\u011b\u0159\u00edme, \u017ee tento t\u00fdden povede k nabyt\u00ed duchovn\u00edch sil pro jednotlivce i sbor a bude impulzem v \u017eivot\u011b ka\u017ed\u00e9ho z n\u00e1s.<\/p>\n","protected":false},"excerpt":{"rendered":"<p>R\u00e1di bychom V\u00e1s v\u0161echny pozvali ke spole\u010dn\u00e9mu pro\u017eit\u00ed Modlitebn\u00edho t\u00fddne 2017, kter\u00fd nese n\u00e1zev &#8222;Kristus, na\u0161e spravedlnost&#8220;. T\u00e9ma jednotliv\u00fdch dn\u016f pojedn\u00e1vaj\u00ed o hlavn\u00edch a d\u016fle\u017eit\u00fdch bodech reformace a protestantismu, se zam\u011b\u0159en\u00edm na Bo\u017e\u00ed slovo. Letos slav\u00edme 500 let Reformace a chceme si p\u0159ipomenout hlavn\u00ed body, kter\u00e9 platily tehdy a plat\u00ed st\u00e1le. Martin Luther byl Bohem &hellip; <a href=\"https:\/\/radvanice.casd.cz\/?p=33695\" class=\"more-link\">Pokra\u010dov\u00e1n\u00ed textu <span class=\"screen-reader-text\">Modlitebn\u00ed t\u00fdden (4. \u2013 11. listopadu 2017)<\/span><\/a><\/p>\n","protected":false},"author":2,"featured_media":0,"comment_status":"closed","ping_status":"open","sticky":false,"template":"","format":"standard","meta":{"_monsterinsights_skip_tracking":false,"_monsterinsights_sitenote_active":false,"_monsterinsights_sitenote_note":"","_monsterinsights_sitenote_category":0,"ngg_post_thumbnail":0,"footnotes":""},"categories":[47],"tags":[],"class_list":["post-33695","post","type-post","status-publish","format-standard","hentry","category-ze-zivota-cirkve"],"_links":{"self":[{"href":"https:\/\/radvanice.casd.cz\/index.php?rest_route=\/wp\/v2\/posts\/33695","targetHints":{"allow":["GET"]}}],"collection":[{"href":"https:\/\/radvanice.casd.cz\/index.php?rest_route=\/wp\/v2\/posts"}],"about":[{"href":"https:\/\/radvanice.casd.cz\/index.php?rest_route=\/wp\/v2\/types\/post"}],"author":[{"embeddable":true,"href":"https:\/\/radvanice.casd.cz\/index.php?rest_route=\/wp\/v2\/users\/2"}],"replies":[{"embeddable":true,"href":"https:\/\/radvanice.casd.cz\/index.php?rest_route=%2Fwp%2Fv2%2Fcomments&post=33695"}],"version-history":[{"count":1,"href":"https:\/\/radvanice.casd.cz\/index.php?rest_route=\/wp\/v2\/posts\/33695\/revisions"}],"predecessor-version":[{"id":33696,"href":"https:\/\/radvanice.casd.cz\/index.php?rest_route=\/wp\/v2\/posts\/33695\/revisions\/33696"}],"wp:attachment":[{"href":"https:\/\/radvanice.casd.cz\/index.php?rest_route=%2Fwp%2Fv2%2Fmedia&parent=33695"}],"wp:term":[{"taxonomy":"category","embeddable":true,"href":"https:\/\/radvanice.casd.cz\/index.php?rest_route=%2Fwp%2Fv2%2Fcategories&post=33695"},{"taxonomy":"post_tag","embeddable":true,"href":"https:\/\/radvanice.casd.cz\/index.php?rest_route=%2Fwp%2Fv2%2Ftags&post=33695"}],"curies":[{"name":"wp","href":"https:\/\/api.w.org\/{rel}","templated":true}]}}