{"id":32886,"date":"2017-09-21T14:38:57","date_gmt":"2017-09-21T12:38:57","guid":{"rendered":"http:\/\/radvanice.casd.cz\/?p=32886"},"modified":"2017-10-23T17:40:52","modified_gmt":"2017-10-23T15:40:52","slug":"pozvanka-na-prednasky-co-rozhoduje-o-kvalite-zivota-od-13-rijna-2017-v-1800","status":"publish","type":"post","link":"https:\/\/radvanice.casd.cz\/?p=32886","title":{"rendered":"Pozv\u00e1nka na p\u0159edn\u00e1\u0161ky &#8222;Co rozhoduje o kvalit\u011b \u017eivota?&#8220; (od 13. \u0159\u00edjna 2017 v 18:00)"},"content":{"rendered":"<p><a href=\"https:\/\/radvanice.casd.cz\/wp-content\/uploads\/vladimir_kral.jpg\"><img loading=\"lazy\" decoding=\"async\" src=\"https:\/\/radvanice.casd.cz\/wp-content\/uploads\/vladimir_kral.jpg\" alt=\"\" width=\"150\" height=\"150\" class=\"alignleft size-full wp-image-33662\" srcset=\"https:\/\/radvanice.casd.cz\/wp-content\/uploads\/vladimir_kral.jpg 150w, https:\/\/radvanice.casd.cz\/wp-content\/uploads\/vladimir_kral-75x75.jpg 75w\" sizes=\"auto, (max-width: 150px) 100vw, 150px\" \/><\/a>Srde\u010dn\u011b v\u00e1s zveme na cyklus \u010dty\u0159 p\u0159edn\u00e1\u0161ek <b>&#8222;Co rozhoduje o kvalit\u011b \u017eivota?&#8220;<\/b>. P\u0159edn\u00e1\u0161et bude <b>Prof. RNDr. Vladim\u00edr Kr\u00e1l, Ph.D. DSc<\/b>, p\u0159edn\u00ed evropsk\u00fd v\u011bdec v oboru supramolekul\u00e1rn\u00ed chemie a genetiky, nanotechnolog.<\/p>\n<p>P\u0159edn\u00e1\u0161ky se budou konat v na\u0161em sborov\u00e9m dom\u011b C\u00edrkve adventist\u016f sedm\u00e9ho dne na ulici R\u00e1\u010dkova 4 v Ostrav\u011b &#8211; Radvanic\u00edch od 18:00 v tyto \u010dty\u0159i ve\u010dery:<\/p>\n<li>13. \u0159\u00edjna &#8211; &#8222;Jak myslet pozitivn\u011b v negativn\u00edm sv\u011bt\u011b?&#8220;<\/li>\n<li>14. \u0159\u00edjna &#8211; &#8222;Najdeme Boha v sou\u010dasn\u00fdch nejv\u011bt\u0161\u00edch v\u011bdeck\u00fdch objevech?&#8220;<\/li>\n<li>20. \u0159\u00edjna &#8211; &#8222;Jak zastavit st\u00e1rnut\u00ed?&#8220;<\/li>\n<li>21. \u0159\u00edjna &#8211; &#8222;Za co mohu j\u00e1 a za co mohou geny?&#8220;<\/li>\n<p><a href=\"https:\/\/radvanice.casd.cz\/wp-content\/uploads\/pozvanka_vladimir_kral.jpg\"><img loading=\"lazy\" decoding=\"async\" src=\"https:\/\/radvanice.casd.cz\/wp-content\/uploads\/pozvanka_vladimir_kral-728x1024.jpg\" alt=\"\" width=\"625\" height=\"879\" class=\"aligncenter size-large wp-image-32887\" srcset=\"https:\/\/radvanice.casd.cz\/wp-content\/uploads\/pozvanka_vladimir_kral-728x1024.jpg 728w, https:\/\/radvanice.casd.cz\/wp-content\/uploads\/pozvanka_vladimir_kral-213x300.jpg 213w, https:\/\/radvanice.casd.cz\/wp-content\/uploads\/pozvanka_vladimir_kral-768x1080.jpg 768w, https:\/\/radvanice.casd.cz\/wp-content\/uploads\/pozvanka_vladimir_kral-624x878.jpg 624w, https:\/\/radvanice.casd.cz\/wp-content\/uploads\/pozvanka_vladimir_kral.jpg 927w\" sizes=\"auto, (max-width: 625px) 100vw, 625px\" \/><\/a><\/p>\n<p><!--more--><\/p>\n<p>Prof. Vladim\u00edr Kr\u00e1l je v sou\u010dasn\u00e9 dob\u011b vedouc\u00ed skupiny &#8222;Mechanismy bun\u011b\u010dn\u00e9 diferenciace a n\u00e1dorov\u00e9 transformace z\u00e1visl\u00e9 na prote\u00e1z\u00e1ch&#8220; v centru BIOCEV (Biotechnologick\u00e9m a biomedic\u00ednsk\u00e9m centru Akademie v\u011bd a Univerzity Karlovy ve Vestci), kde je tak\u00e9 \u010dlenem Aplika\u010dn\u00ed rady BIOCEV.<\/p>\n<p>D\u0159\u00edve p\u016fsobil ve spole\u010dnosti Zentiva a jako vedouc\u00ed &#8222;Laborato\u0159e molekul\u00e1rn\u00edho rozpozn\u00e1v\u00e1n\u00ed&#8220; na Vysok\u00e9 \u0161kole chemicko-technologick\u00e9 v Praze. Stal se mimo jin\u00e9 spoluautorem jednoho z v\u011bdeck\u00fdch objev\u016f, kter\u00e9 presti\u017en\u00ed britsk\u00fd den\u00edk The Telegraph za\u0159adil mezi deset nejv\u00fdznamn\u011bj\u0161\u00edch na sv\u011bt\u011b v roce 2009. Jde o objev slou\u010deniny, kter\u00e1 sk\u00fdt\u00e1 nad\u011bji nemocn\u00fdm AIDS.<br \/>\nProf. Vladim\u00edr Kr\u00e1l na z\u00e1klad\u011b sv\u00e9ho velmi podrobn\u00e9ho pozorov\u00e1n\u00ed p\u0159\u00edrodn\u00edch proces\u016f na \u00farovni bun\u011bk a molekul zast\u00e1v\u00e1 zcela ve\u0159ejn\u011b a jednozna\u010dn\u011b odm\u00edtav\u00e9 stanovisko k jinak dosud v\u0161eobecn\u011b p\u0159ij\u00edman\u00e9 a vyu\u010dovan\u00e9 darwinovsk\u00e9 teorii n\u00e1hodn\u00e9ho vzniku a v\u00fdvoje \u017eivota. Ta je podle n\u011bho ji\u017e des\u00edtky let odborn\u011b p\u0159ekonan\u00e1. \u201eS dne\u0161n\u00edmi technick\u00fdmi mo\u017enostmi a v\u011bdeck\u00fdm pozn\u00e1n\u00edm pronikaj\u00edc\u00edm do nanosv\u011bta m\u00e1me naopak mnohem v\u00edce d\u016fvod\u016f obdivovat nesm\u00edrnou inteligenci, moudrost a moc na\u0161eho Stvo\u0159itele,&#8220; \u0159ekl.<\/p>\n","protected":false},"excerpt":{"rendered":"<p>Srde\u010dn\u011b v\u00e1s zveme na cyklus \u010dty\u0159 p\u0159edn\u00e1\u0161ek &#8222;Co rozhoduje o kvalit\u011b \u017eivota?&#8220;. P\u0159edn\u00e1\u0161et bude Prof. RNDr. Vladim\u00edr Kr\u00e1l, Ph.D. DSc, p\u0159edn\u00ed evropsk\u00fd v\u011bdec v oboru supramolekul\u00e1rn\u00ed chemie a genetiky, nanotechnolog. P\u0159edn\u00e1\u0161ky se budou konat v na\u0161em sborov\u00e9m dom\u011b C\u00edrkve adventist\u016f sedm\u00e9ho dne na ulici R\u00e1\u010dkova 4 v Ostrav\u011b &#8211; Radvanic\u00edch od 18:00 v tyto \u010dty\u0159i &hellip; <a href=\"https:\/\/radvanice.casd.cz\/?p=32886\" class=\"more-link\">Pokra\u010dov\u00e1n\u00ed textu <span class=\"screen-reader-text\">Pozv\u00e1nka na p\u0159edn\u00e1\u0161ky &#8222;Co rozhoduje o kvalit\u011b \u017eivota?&#8220; (od 13. \u0159\u00edjna 2017 v 18:00)<\/span><\/a><\/p>\n","protected":false},"author":2,"featured_media":0,"comment_status":"closed","ping_status":"open","sticky":false,"template":"","format":"standard","meta":{"_monsterinsights_skip_tracking":false,"_monsterinsights_sitenote_active":false,"_monsterinsights_sitenote_note":"","_monsterinsights_sitenote_category":0,"ngg_post_thumbnail":0,"footnotes":""},"categories":[18],"tags":[],"class_list":["post-32886","post","type-post","status-publish","format-standard","hentry","category-pozvanky"],"_links":{"self":[{"href":"https:\/\/radvanice.casd.cz\/index.php?rest_route=\/wp\/v2\/posts\/32886","targetHints":{"allow":["GET"]}}],"collection":[{"href":"https:\/\/radvanice.casd.cz\/index.php?rest_route=\/wp\/v2\/posts"}],"about":[{"href":"https:\/\/radvanice.casd.cz\/index.php?rest_route=\/wp\/v2\/types\/post"}],"author":[{"embeddable":true,"href":"https:\/\/radvanice.casd.cz\/index.php?rest_route=\/wp\/v2\/users\/2"}],"replies":[{"embeddable":true,"href":"https:\/\/radvanice.casd.cz\/index.php?rest_route=%2Fwp%2Fv2%2Fcomments&post=32886"}],"version-history":[{"count":4,"href":"https:\/\/radvanice.casd.cz\/index.php?rest_route=\/wp\/v2\/posts\/32886\/revisions"}],"predecessor-version":[{"id":33974,"href":"https:\/\/radvanice.casd.cz\/index.php?rest_route=\/wp\/v2\/posts\/32886\/revisions\/33974"}],"wp:attachment":[{"href":"https:\/\/radvanice.casd.cz\/index.php?rest_route=%2Fwp%2Fv2%2Fmedia&parent=32886"}],"wp:term":[{"taxonomy":"category","embeddable":true,"href":"https:\/\/radvanice.casd.cz\/index.php?rest_route=%2Fwp%2Fv2%2Fcategories&post=32886"},{"taxonomy":"post_tag","embeddable":true,"href":"https:\/\/radvanice.casd.cz\/index.php?rest_route=%2Fwp%2Fv2%2Ftags&post=32886"}],"curies":[{"name":"wp","href":"https:\/\/api.w.org\/{rel}","templated":true}]}}