{"id":32866,"date":"2017-09-05T15:57:19","date_gmt":"2017-09-05T13:57:19","guid":{"rendered":"http:\/\/radvanice.casd.cz\/?p=32866"},"modified":"2017-09-18T09:51:44","modified_gmt":"2017-09-18T07:51:44","slug":"pozvanka-na-koncert-jindry-cernohorskeho-16-9-2017-v-1700","status":"publish","type":"post","link":"https:\/\/radvanice.casd.cz\/?p=32866","title":{"rendered":"Pozv\u00e1nka na koncert Jindry \u010cernohorsk\u00e9ho (16. 9. 2017 v 17:00)"},"content":{"rendered":"<p>Srde\u010dn\u011b V\u00e1s zveme na koncert Jindry \u010cernohorsk\u00e9ho a jeho kapely.<br \/>\n<i>Kdy:<\/i> Sobota 16. z\u00e1\u0159\u00ed 2017 od 17:00 hodin<br \/>\n<i>Kde:<\/i> Sborov\u00fd d\u016fm CASD, R\u00e1\u010dkova 4, Ostrava &#8211; Radvanice<\/p>\n<p><a href=\"https:\/\/radvanice.casd.cz\/wp-content\/uploads\/pozvanka_jcernohorsky.jpg\"><img loading=\"lazy\" decoding=\"async\" src=\"https:\/\/radvanice.casd.cz\/wp-content\/uploads\/pozvanka_jcernohorsky-724x1024.jpg\" alt=\"\" width=\"625\" height=\"884\" class=\"aligncenter size-large wp-image-32867\" srcset=\"https:\/\/radvanice.casd.cz\/wp-content\/uploads\/pozvanka_jcernohorsky-724x1024.jpg 724w, https:\/\/radvanice.casd.cz\/wp-content\/uploads\/pozvanka_jcernohorsky-212x300.jpg 212w, https:\/\/radvanice.casd.cz\/wp-content\/uploads\/pozvanka_jcernohorsky-768x1086.jpg 768w, https:\/\/radvanice.casd.cz\/wp-content\/uploads\/pozvanka_jcernohorsky-624x882.jpg 624w, https:\/\/radvanice.casd.cz\/wp-content\/uploads\/pozvanka_jcernohorsky.jpg 831w\" sizes=\"auto, (max-width: 625px) 100vw, 625px\" \/><\/a><\/p>\n<p><a href=\"https:\/\/radvanice.casd.cz\/wp-content\/uploads\/pozvanka_jcernohorsky.pdf\">Pozv\u00e1nka ve form\u00e1tu PDF.<\/a><\/p>\n<p><!--more--><\/p>\n<p><a href=\"http:\/\/www.jindrichcernohorsky.cz\/\">Webov\u00e1 prezentace Jind\u0159icha \u010cernohosk\u00e9ho a jeho kapely<\/a>.<\/p>\n<p>Jind\u0159ich \u010cernohorsk\u00fd je zp\u011bv\u00e1k, kytarista a p\u00edsni\u010dk\u00e1\u0159, kter\u00fd se hudb\u011b v\u011bnuje od sv\u00fdch 13 let. V textech jeho p\u00edsn\u00ed se \u010dasto objevuj\u00ed t\u00e9mata l\u00e1sky, v\u00edry i smyslu \u017eivota. Jak \u0159\u00edk\u00e1, zp\u00edv\u00e1 o tom, \u010demu v\u011b\u0159\u00ed a za \u010d\u00edm si stoj\u00ed. Koncertoval na mnoha akc\u00edch jak s\u00e1m, tak s dal\u0161\u00edmi muzikanty. V roce 2012 nastoupil jako redaktor a moder\u00e1tor do internetov\u00e9 televize Hope a pr\u00e1v\u011b tam do\u0161lo k setk\u00e1n\u00ed s Petrem Ml\u00edchem a \u0160t\u011bp\u00e1nem Plickou, dne\u0161n\u00edmi \u010dleny jeho kapely. Sestavu doplnil buben\u00edk Robert Prokopec a vzniklo zaj\u00edmav\u00e9 hudebn\u00ed uskupen\u00ed.<\/p>\n","protected":false},"excerpt":{"rendered":"<p>Srde\u010dn\u011b V\u00e1s zveme na koncert Jindry \u010cernohorsk\u00e9ho a jeho kapely. Kdy: Sobota 16. z\u00e1\u0159\u00ed 2017 od 17:00 hodin Kde: Sborov\u00fd d\u016fm CASD, R\u00e1\u010dkova 4, Ostrava &#8211; Radvanice Pozv\u00e1nka ve form\u00e1tu PDF.<\/p>\n","protected":false},"author":2,"featured_media":0,"comment_status":"closed","ping_status":"open","sticky":false,"template":"","format":"standard","meta":{"_monsterinsights_skip_tracking":false,"_monsterinsights_sitenote_active":false,"_monsterinsights_sitenote_note":"","_monsterinsights_sitenote_category":0,"ngg_post_thumbnail":0,"footnotes":""},"categories":[18],"tags":[],"class_list":["post-32866","post","type-post","status-publish","format-standard","hentry","category-pozvanky"],"_links":{"self":[{"href":"https:\/\/radvanice.casd.cz\/index.php?rest_route=\/wp\/v2\/posts\/32866","targetHints":{"allow":["GET"]}}],"collection":[{"href":"https:\/\/radvanice.casd.cz\/index.php?rest_route=\/wp\/v2\/posts"}],"about":[{"href":"https:\/\/radvanice.casd.cz\/index.php?rest_route=\/wp\/v2\/types\/post"}],"author":[{"embeddable":true,"href":"https:\/\/radvanice.casd.cz\/index.php?rest_route=\/wp\/v2\/users\/2"}],"replies":[{"embeddable":true,"href":"https:\/\/radvanice.casd.cz\/index.php?rest_route=%2Fwp%2Fv2%2Fcomments&post=32866"}],"version-history":[{"count":3,"href":"https:\/\/radvanice.casd.cz\/index.php?rest_route=\/wp\/v2\/posts\/32866\/revisions"}],"predecessor-version":[{"id":32882,"href":"https:\/\/radvanice.casd.cz\/index.php?rest_route=\/wp\/v2\/posts\/32866\/revisions\/32882"}],"wp:attachment":[{"href":"https:\/\/radvanice.casd.cz\/index.php?rest_route=%2Fwp%2Fv2%2Fmedia&parent=32866"}],"wp:term":[{"taxonomy":"category","embeddable":true,"href":"https:\/\/radvanice.casd.cz\/index.php?rest_route=%2Fwp%2Fv2%2Fcategories&post=32866"},{"taxonomy":"post_tag","embeddable":true,"href":"https:\/\/radvanice.casd.cz\/index.php?rest_route=%2Fwp%2Fv2%2Ftags&post=32866"}],"curies":[{"name":"wp","href":"https:\/\/api.w.org\/{rel}","templated":true}]}}