{"id":32327,"date":"2017-03-13T12:32:52","date_gmt":"2017-03-13T11:32:52","guid":{"rendered":"http:\/\/radvanice.casd.cz\/?p=32327"},"modified":"2017-03-13T12:32:52","modified_gmt":"2017-03-13T11:32:52","slug":"modlitebni-tyden-mladeze-18-25-brezna-2017","status":"publish","type":"post","link":"https:\/\/radvanice.casd.cz\/?p=32327","title":{"rendered":"Modlitebn\u00ed t\u00fdden ml\u00e1de\u017ee (18. \u2013 25. b\u0159ezna 2017)"},"content":{"rendered":"<p>Od soboty 18. 3. do soboty 25. 3. bude prob\u00edhat modlitebn\u00ed t\u00fdden pro ml\u00e1de\u017e. Mlad\u00ed lid\u00e9 si cht\u011bj\u00ed v tomto t\u00fddnu p\u0159ipomenout p\u011btist\u00e9 v\u00fdro\u010d\u00ed okam\u017eiku, kdy Martin Luther zapo\u010dal protestantskou reformaci p\u0159ibit\u00edm sv\u00fdch 95 tez\u00ed na vrata kostela ve Wittenbergu. Budou se zam\u011b\u0159ovat na z\u00e1kladn\u00ed ot\u00e1zky, kter\u00e9 utv\u00e1\u0159ely my\u0161len\u00ed Martina Luthera, kter\u00e9 poh\u00e1n\u011bly protestantskou reformaci a kter\u00e9 nakonec zm\u011bnily cel\u00fd sv\u011bt.<\/p>\n<p>Jsou tak\u00e9 p\u0159ipraveny materi\u00e1ly k modlitebn\u00edmu t\u00fddnu, kter\u00e9 maj\u00ed n\u00e1zev \u201eReformace, kter\u00e1 zm\u011bnila sv\u011bt\u201c &#8211; <a href=\"http:\/\/www.advent-orion.cz\/UserFiles\/file\/edoc\/pdf\/MTM_2017_cz_web.pdf\">jsou dostupn\u00e9 ke sta\u017een\u00ed zde<\/a>.<\/p>\n","protected":false},"excerpt":{"rendered":"<p>Od soboty 18. 3. do soboty 25. 3. bude prob\u00edhat modlitebn\u00ed t\u00fdden pro ml\u00e1de\u017e. Mlad\u00ed lid\u00e9 si cht\u011bj\u00ed v tomto t\u00fddnu p\u0159ipomenout p\u011btist\u00e9 v\u00fdro\u010d\u00ed okam\u017eiku, kdy Martin Luther zapo\u010dal protestantskou reformaci p\u0159ibit\u00edm sv\u00fdch 95 tez\u00ed na vrata kostela ve Wittenbergu. Budou se zam\u011b\u0159ovat na z\u00e1kladn\u00ed ot\u00e1zky, kter\u00e9 utv\u00e1\u0159ely my\u0161len\u00ed Martina Luthera, kter\u00e9 poh\u00e1n\u011bly protestantskou reformaci &hellip; <a href=\"https:\/\/radvanice.casd.cz\/?p=32327\" class=\"more-link\">Pokra\u010dov\u00e1n\u00ed textu <span class=\"screen-reader-text\">Modlitebn\u00ed t\u00fdden ml\u00e1de\u017ee (18. \u2013 25. b\u0159ezna 2017)<\/span><\/a><\/p>\n","protected":false},"author":2,"featured_media":0,"comment_status":"closed","ping_status":"open","sticky":false,"template":"","format":"standard","meta":{"_monsterinsights_skip_tracking":false,"_monsterinsights_sitenote_active":false,"_monsterinsights_sitenote_note":"","_monsterinsights_sitenote_category":0,"ngg_post_thumbnail":0,"footnotes":""},"categories":[47,19],"tags":[],"class_list":["post-32327","post","type-post","status-publish","format-standard","hentry","category-ze-zivota-cirkve","category-ze-zivota-sboru"],"_links":{"self":[{"href":"https:\/\/radvanice.casd.cz\/index.php?rest_route=\/wp\/v2\/posts\/32327","targetHints":{"allow":["GET"]}}],"collection":[{"href":"https:\/\/radvanice.casd.cz\/index.php?rest_route=\/wp\/v2\/posts"}],"about":[{"href":"https:\/\/radvanice.casd.cz\/index.php?rest_route=\/wp\/v2\/types\/post"}],"author":[{"embeddable":true,"href":"https:\/\/radvanice.casd.cz\/index.php?rest_route=\/wp\/v2\/users\/2"}],"replies":[{"embeddable":true,"href":"https:\/\/radvanice.casd.cz\/index.php?rest_route=%2Fwp%2Fv2%2Fcomments&post=32327"}],"version-history":[{"count":1,"href":"https:\/\/radvanice.casd.cz\/index.php?rest_route=\/wp\/v2\/posts\/32327\/revisions"}],"predecessor-version":[{"id":32328,"href":"https:\/\/radvanice.casd.cz\/index.php?rest_route=\/wp\/v2\/posts\/32327\/revisions\/32328"}],"wp:attachment":[{"href":"https:\/\/radvanice.casd.cz\/index.php?rest_route=%2Fwp%2Fv2%2Fmedia&parent=32327"}],"wp:term":[{"taxonomy":"category","embeddable":true,"href":"https:\/\/radvanice.casd.cz\/index.php?rest_route=%2Fwp%2Fv2%2Fcategories&post=32327"},{"taxonomy":"post_tag","embeddable":true,"href":"https:\/\/radvanice.casd.cz\/index.php?rest_route=%2Fwp%2Fv2%2Ftags&post=32327"}],"curies":[{"name":"wp","href":"https:\/\/api.w.org\/{rel}","templated":true}]}}