{"id":31837,"date":"2016-10-08T17:21:06","date_gmt":"2016-10-08T15:21:06","guid":{"rendered":"http:\/\/radvanice.casd.cz\/?p=31837"},"modified":"2016-10-14T08:43:28","modified_gmt":"2016-10-14T06:43:28","slug":"podekovani-michaela-krlinova-a-grzegorz-sztefek","status":"publish","type":"post","link":"https:\/\/radvanice.casd.cz\/?p=31837","title":{"rendered":"Pod\u011bkov\u00e1n\u00ed \u2013 Michaela a Grzegorz Sztefkovi"},"content":{"rendered":"<p>R\u00e1di bychom vyj\u00e1d\u0159ili pod\u011bkov\u00e1n\u00ed sboru Radvanice za Va\u0161e modlitby, dary a blahop\u0159\u00e1n\u00ed. D\u011bkujeme, za Va\u0161i pomoc, d\u00edky n\u00ed\u017e byl n\u00e1\u0161 den tak v\u00fdjime\u010dn\u00fd.<\/p>\n<p>Grzegorz a Michaela Sztefkovi<\/p>\n<p><a href=\"https:\/\/radvanice.casd.cz\/wp-content\/uploads\/podekovani_sztefkovi1.jpg\"><img loading=\"lazy\" decoding=\"async\" src=\"https:\/\/radvanice.casd.cz\/wp-content\/uploads\/podekovani_sztefkovi1-1024x683.jpg\" alt=\"podekovani_sztefkovi1\" width=\"625\" height=\"417\" class=\"aligncenter size-large wp-image-31839\" srcset=\"https:\/\/radvanice.casd.cz\/wp-content\/uploads\/podekovani_sztefkovi1-1024x683.jpg 1024w, https:\/\/radvanice.casd.cz\/wp-content\/uploads\/podekovani_sztefkovi1-300x200.jpg 300w, https:\/\/radvanice.casd.cz\/wp-content\/uploads\/podekovani_sztefkovi1-768x512.jpg 768w, https:\/\/radvanice.casd.cz\/wp-content\/uploads\/podekovani_sztefkovi1-624x416.jpg 624w, https:\/\/radvanice.casd.cz\/wp-content\/uploads\/podekovani_sztefkovi1.jpg 1600w\" sizes=\"auto, (max-width: 625px) 100vw, 625px\" \/><\/a><\/p>\n<p><a href=\"https:\/\/radvanice.casd.cz\/wp-content\/uploads\/podekovani_sztefkovi2.jpg\"><img loading=\"lazy\" decoding=\"async\" src=\"https:\/\/radvanice.casd.cz\/wp-content\/uploads\/podekovani_sztefkovi2-1024x683.jpg\" alt=\"podekovani_sztefkovi2\" width=\"625\" height=\"417\" class=\"aligncenter size-large wp-image-31840\" srcset=\"https:\/\/radvanice.casd.cz\/wp-content\/uploads\/podekovani_sztefkovi2-1024x683.jpg 1024w, https:\/\/radvanice.casd.cz\/wp-content\/uploads\/podekovani_sztefkovi2-300x200.jpg 300w, https:\/\/radvanice.casd.cz\/wp-content\/uploads\/podekovani_sztefkovi2-768x512.jpg 768w, https:\/\/radvanice.casd.cz\/wp-content\/uploads\/podekovani_sztefkovi2-624x416.jpg 624w, https:\/\/radvanice.casd.cz\/wp-content\/uploads\/podekovani_sztefkovi2.jpg 1600w\" sizes=\"auto, (max-width: 625px) 100vw, 625px\" \/><\/a><\/p>\n<p><a href=\"https:\/\/radvanice.casd.cz\/wp-content\/uploads\/podekovani_sztefkovi3.jpg\"><img loading=\"lazy\" decoding=\"async\" src=\"https:\/\/radvanice.casd.cz\/wp-content\/uploads\/podekovani_sztefkovi3-1024x683.jpg\" alt=\"podekovani_sztefkovi3\" width=\"625\" height=\"417\" class=\"aligncenter size-large wp-image-31841\" srcset=\"https:\/\/radvanice.casd.cz\/wp-content\/uploads\/podekovani_sztefkovi3-1024x683.jpg 1024w, https:\/\/radvanice.casd.cz\/wp-content\/uploads\/podekovani_sztefkovi3-300x200.jpg 300w, https:\/\/radvanice.casd.cz\/wp-content\/uploads\/podekovani_sztefkovi3-768x512.jpg 768w, https:\/\/radvanice.casd.cz\/wp-content\/uploads\/podekovani_sztefkovi3-624x416.jpg 624w, https:\/\/radvanice.casd.cz\/wp-content\/uploads\/podekovani_sztefkovi3.jpg 1600w\" sizes=\"auto, (max-width: 625px) 100vw, 625px\" \/><\/a><\/p>\n","protected":false},"excerpt":{"rendered":"<p>R\u00e1di bychom vyj\u00e1d\u0159ili pod\u011bkov\u00e1n\u00ed sboru Radvanice za Va\u0161e modlitby, dary a blahop\u0159\u00e1n\u00ed. D\u011bkujeme, za Va\u0161i pomoc, d\u00edky n\u00ed\u017e byl n\u00e1\u0161 den tak v\u00fdjime\u010dn\u00fd. Grzegorz a Michaela Sztefkovi<\/p>\n","protected":false},"author":2,"featured_media":0,"comment_status":"closed","ping_status":"open","sticky":false,"template":"","format":"standard","meta":{"_monsterinsights_skip_tracking":false,"_monsterinsights_sitenote_active":false,"_monsterinsights_sitenote_note":"","_monsterinsights_sitenote_category":0,"ngg_post_thumbnail":0,"footnotes":""},"categories":[19],"tags":[],"class_list":["post-31837","post","type-post","status-publish","format-standard","hentry","category-ze-zivota-sboru"],"_links":{"self":[{"href":"https:\/\/radvanice.casd.cz\/index.php?rest_route=\/wp\/v2\/posts\/31837","targetHints":{"allow":["GET"]}}],"collection":[{"href":"https:\/\/radvanice.casd.cz\/index.php?rest_route=\/wp\/v2\/posts"}],"about":[{"href":"https:\/\/radvanice.casd.cz\/index.php?rest_route=\/wp\/v2\/types\/post"}],"author":[{"embeddable":true,"href":"https:\/\/radvanice.casd.cz\/index.php?rest_route=\/wp\/v2\/users\/2"}],"replies":[{"embeddable":true,"href":"https:\/\/radvanice.casd.cz\/index.php?rest_route=%2Fwp%2Fv2%2Fcomments&post=31837"}],"version-history":[{"count":3,"href":"https:\/\/radvanice.casd.cz\/index.php?rest_route=\/wp\/v2\/posts\/31837\/revisions"}],"predecessor-version":[{"id":31852,"href":"https:\/\/radvanice.casd.cz\/index.php?rest_route=\/wp\/v2\/posts\/31837\/revisions\/31852"}],"wp:attachment":[{"href":"https:\/\/radvanice.casd.cz\/index.php?rest_route=%2Fwp%2Fv2%2Fmedia&parent=31837"}],"wp:term":[{"taxonomy":"category","embeddable":true,"href":"https:\/\/radvanice.casd.cz\/index.php?rest_route=%2Fwp%2Fv2%2Fcategories&post=31837"},{"taxonomy":"post_tag","embeddable":true,"href":"https:\/\/radvanice.casd.cz\/index.php?rest_route=%2Fwp%2Fv2%2Ftags&post=31837"}],"curies":[{"name":"wp","href":"https:\/\/api.w.org\/{rel}","templated":true}]}}