{"id":31761,"date":"2016-08-31T14:49:17","date_gmt":"2016-08-31T12:49:17","guid":{"rendered":"http:\/\/radvanice.casd.cz\/?p=31761"},"modified":"2016-08-31T14:49:17","modified_gmt":"2016-08-31T12:49:17","slug":"vitani-veroniky-jonesove","status":"publish","type":"post","link":"https:\/\/radvanice.casd.cz\/?p=31761","title":{"rendered":"V\u00edt\u00e1n\u00ed Veroniky Jone\u0161ov\u00e9"},"content":{"rendered":"<p><a href=\"https:\/\/radvanice.casd.cz\/wp-content\/uploads\/veronika_jonesova_s_rodici.jpg\"><img loading=\"lazy\" decoding=\"async\" src=\"https:\/\/radvanice.casd.cz\/wp-content\/uploads\/veronika_jonesova_s_rodici-e1472647739635-150x150.jpg\" alt=\"veronika_jonesova_s_rodici\" width=\"150\" height=\"150\" class=\"alignleft size-thumbnail wp-image-31763\" \/><\/a>V sobotu 27. srpna 2016 br. Ka\u0161l\u00edk p\u0159iv\u00edtal do na\u0161\u00ed sborov\u00e9 rodiny Verunku Jone\u0161ovou, dceru Katky a Michala Jone\u0161ov\u00fdch, narozenou 25. kv\u011btna 2016.<\/p>\n<p>Fotky z v\u00edt\u00e1n\u00ed najdete ve <a href=\"https:\/\/www.zonerama.com\/SborOstravaRadvanice\/Album\/1981028\">fotogalerii sboru<\/a>.<\/p>\n","protected":false},"excerpt":{"rendered":"<p>V sobotu 27. srpna 2016 br. Ka\u0161l\u00edk p\u0159iv\u00edtal do na\u0161\u00ed sborov\u00e9 rodiny Verunku Jone\u0161ovou, dceru Katky a Michala Jone\u0161ov\u00fdch, narozenou 25. kv\u011btna 2016. Fotky z v\u00edt\u00e1n\u00ed najdete ve fotogalerii sboru.<\/p>\n","protected":false},"author":2,"featured_media":0,"comment_status":"closed","ping_status":"open","sticky":false,"template":"","format":"standard","meta":{"_monsterinsights_skip_tracking":false,"_monsterinsights_sitenote_active":false,"_monsterinsights_sitenote_note":"","_monsterinsights_sitenote_category":0,"ngg_post_thumbnail":0,"footnotes":""},"categories":[19],"tags":[],"class_list":["post-31761","post","type-post","status-publish","format-standard","hentry","category-ze-zivota-sboru"],"_links":{"self":[{"href":"https:\/\/radvanice.casd.cz\/index.php?rest_route=\/wp\/v2\/posts\/31761","targetHints":{"allow":["GET"]}}],"collection":[{"href":"https:\/\/radvanice.casd.cz\/index.php?rest_route=\/wp\/v2\/posts"}],"about":[{"href":"https:\/\/radvanice.casd.cz\/index.php?rest_route=\/wp\/v2\/types\/post"}],"author":[{"embeddable":true,"href":"https:\/\/radvanice.casd.cz\/index.php?rest_route=\/wp\/v2\/users\/2"}],"replies":[{"embeddable":true,"href":"https:\/\/radvanice.casd.cz\/index.php?rest_route=%2Fwp%2Fv2%2Fcomments&post=31761"}],"version-history":[{"count":1,"href":"https:\/\/radvanice.casd.cz\/index.php?rest_route=\/wp\/v2\/posts\/31761\/revisions"}],"predecessor-version":[{"id":31764,"href":"https:\/\/radvanice.casd.cz\/index.php?rest_route=\/wp\/v2\/posts\/31761\/revisions\/31764"}],"wp:attachment":[{"href":"https:\/\/radvanice.casd.cz\/index.php?rest_route=%2Fwp%2Fv2%2Fmedia&parent=31761"}],"wp:term":[{"taxonomy":"category","embeddable":true,"href":"https:\/\/radvanice.casd.cz\/index.php?rest_route=%2Fwp%2Fv2%2Fcategories&post=31761"},{"taxonomy":"post_tag","embeddable":true,"href":"https:\/\/radvanice.casd.cz\/index.php?rest_route=%2Fwp%2Fv2%2Ftags&post=31761"}],"curies":[{"name":"wp","href":"https:\/\/api.w.org\/{rel}","templated":true}]}}