{"id":31205,"date":"2016-03-16T20:00:40","date_gmt":"2016-03-16T19:00:40","guid":{"rendered":"http:\/\/radvanice.casd.cz\/?p=31205"},"modified":"2016-03-31T09:07:38","modified_gmt":"2016-03-31T07:07:38","slug":"jasmina-anna-siejova","status":"publish","type":"post","link":"https:\/\/radvanice.casd.cz\/?p=31205","title":{"rendered":"Jasmine Anna Siejov\u00e1"},"content":{"rendered":"<p>V \u00fater\u00fd 15. b\u0159ezna 2016 se Kl\u00e1\u0159e a Petrovi Siejov\u00fdm narodila hol\u010di\u010dka Jasmine Anna (2800g, 48cm). P\u0159ejeme rodi\u010d\u016fm i mal\u00e9 Jasm\u00ednce Bo\u017e\u00ed ochranu a po\u017eehn\u00e1n\u00ed.<\/p>\n<p><a href=\"https:\/\/radvanice.casd.cz\/wp-content\/uploads\/Jasm\u00ednaAnnaSiejov\u00e1.jpg\"><img loading=\"lazy\" decoding=\"async\" src=\"https:\/\/radvanice.casd.cz\/wp-content\/uploads\/Jasm\u00ednaAnnaSiejov\u00e1-180x300.jpg\" alt=\"Jasm\u00ednaAnnaSiejov\u00e1\" width=\"180\" height=\"300\" class=\"size-medium wp-image-31207\" srcset=\"https:\/\/radvanice.casd.cz\/wp-content\/uploads\/Jasm\u00ednaAnnaSiejov\u00e1-180x300.jpg 180w, https:\/\/radvanice.casd.cz\/wp-content\/uploads\/Jasm\u00ednaAnnaSiejov\u00e1.jpg 540w\" sizes=\"auto, (max-width: 180px) 100vw, 180px\" \/><\/a> &nbsp;&nbsp;&nbsp;&nbsp; <a href=\"https:\/\/radvanice.casd.cz\/wp-content\/uploads\/JasminaAnnaSiejova2.jpg\"><img loading=\"lazy\" decoding=\"async\" src=\"https:\/\/radvanice.casd.cz\/wp-content\/uploads\/JasminaAnnaSiejova2-225x300.jpg\" alt=\"JasminaAnnaSiejova2\" width=\"225\" height=\"300\" class=\"size-medium wp-image-31224\" srcset=\"https:\/\/radvanice.casd.cz\/wp-content\/uploads\/JasminaAnnaSiejova2-225x300.jpg 225w, https:\/\/radvanice.casd.cz\/wp-content\/uploads\/JasminaAnnaSiejova2.jpg 392w\" sizes=\"auto, (max-width: 225px) 100vw, 225px\" \/><\/a><\/p>\n","protected":false},"excerpt":{"rendered":"<p>V \u00fater\u00fd 15. b\u0159ezna 2016 se Kl\u00e1\u0159e a Petrovi Siejov\u00fdm narodila hol\u010di\u010dka Jasmine Anna (2800g, 48cm). P\u0159ejeme rodi\u010d\u016fm i mal\u00e9 Jasm\u00ednce Bo\u017e\u00ed ochranu a po\u017eehn\u00e1n\u00ed. &nbsp;&nbsp;&nbsp;&nbsp;<\/p>\n","protected":false},"author":2,"featured_media":0,"comment_status":"closed","ping_status":"open","sticky":false,"template":"","format":"standard","meta":{"_monsterinsights_skip_tracking":false,"_monsterinsights_sitenote_active":false,"_monsterinsights_sitenote_note":"","_monsterinsights_sitenote_category":0,"ngg_post_thumbnail":0,"footnotes":""},"categories":[19],"tags":[],"class_list":["post-31205","post","type-post","status-publish","format-standard","hentry","category-ze-zivota-sboru"],"_links":{"self":[{"href":"https:\/\/radvanice.casd.cz\/index.php?rest_route=\/wp\/v2\/posts\/31205","targetHints":{"allow":["GET"]}}],"collection":[{"href":"https:\/\/radvanice.casd.cz\/index.php?rest_route=\/wp\/v2\/posts"}],"about":[{"href":"https:\/\/radvanice.casd.cz\/index.php?rest_route=\/wp\/v2\/types\/post"}],"author":[{"embeddable":true,"href":"https:\/\/radvanice.casd.cz\/index.php?rest_route=\/wp\/v2\/users\/2"}],"replies":[{"embeddable":true,"href":"https:\/\/radvanice.casd.cz\/index.php?rest_route=%2Fwp%2Fv2%2Fcomments&post=31205"}],"version-history":[{"count":3,"href":"https:\/\/radvanice.casd.cz\/index.php?rest_route=\/wp\/v2\/posts\/31205\/revisions"}],"predecessor-version":[{"id":31222,"href":"https:\/\/radvanice.casd.cz\/index.php?rest_route=\/wp\/v2\/posts\/31205\/revisions\/31222"}],"wp:attachment":[{"href":"https:\/\/radvanice.casd.cz\/index.php?rest_route=%2Fwp%2Fv2%2Fmedia&parent=31205"}],"wp:term":[{"taxonomy":"category","embeddable":true,"href":"https:\/\/radvanice.casd.cz\/index.php?rest_route=%2Fwp%2Fv2%2Fcategories&post=31205"},{"taxonomy":"post_tag","embeddable":true,"href":"https:\/\/radvanice.casd.cz\/index.php?rest_route=%2Fwp%2Fv2%2Ftags&post=31205"}],"curies":[{"name":"wp","href":"https:\/\/api.w.org\/{rel}","templated":true}]}}