{"id":3014,"date":"2015-09-14T12:00:23","date_gmt":"2015-09-14T10:00:23","guid":{"rendered":"http:\/\/radvanice.casd.cz\/?p=3014"},"modified":"2015-11-23T11:06:29","modified_gmt":"2015-11-23T10:06:29","slug":"emilio-knechtle-buh-je-ten-kdo-nas-drzi","status":"publish","type":"post","link":"https:\/\/radvanice.casd.cz\/?p=3014","title":{"rendered":"Em\u00edlio Knechtle: B\u016fh je ten, kdo n\u00e1s dr\u017e\u00ed"},"content":{"rendered":"<p>Kdy\u017e jsem byl mal\u00fd chlapec, \u010dasto jsem se s otcem proch\u00e1zel, a to i v de\u0161ti. M\u011bl jsem nepromokav\u00fd pl\u00e1\u0161\u0165 a gum\u00e1ky, a jen co se objevila n\u011bjak\u00e1 kalu\u017e, cht\u011bl jsem ji p\u0159esko\u010dit. Proto\u017ee jsem m\u011bl nohy je\u0161t\u011b kr\u00e1tk\u00e9, v\u017edy jsem sko\u010dil do kalu\u017ee. Tat\u00ednek mi pov\u00eddal: &#8222;Dr\u017e se m\u011b za ruku.&#8220; Ud\u011blal jsem to. U dal\u0161\u00ed kalu\u017ee jsem zase sko\u010dil, ale proto\u017ee jsem byl trochu t\u011b\u017ek\u00fd, znovu jsem se ocitl v kalu\u017ei. Tat\u00ednek mi potom poradil: &#8222;Te\u010f se m\u011b nedr\u017e ty, ale j\u00e1 t\u011b chyt\u00edm za ruku.&#8220; Pevn\u011b m\u011b dr\u017eel v z\u00e1p\u011bst\u00ed a od t\u00e9 doby jsem p\u0159esko\u010dil ka\u017edou kalu\u017e. J\u00e1 jsem se nep\u0159idr\u017eel jeho, ale on dr\u017eel m\u011b.<\/p>\n<p>B\u016fh je ten, kdo n\u00e1s dr\u017e\u00ed. My se p\u0159ece nem\u016f\u017eeme dr\u017eet jeho &#8211; na to jsme p\u0159\u00edli\u0161 slab\u00ed.<\/p>\n<p>Ka\u017ed\u00e9 r\u00e1no vol\u00e1m: &#8222;Pane, pros\u00edm t\u011b, dr\u017e m\u011b. Jsem p\u0159\u00edli\u0161 slab\u00fd.&#8220; D\u00e1v\u00e1m mu svou ruku a on m\u011b dr\u017e\u00ed. Tak se mi nem\u016f\u017ee nic st\u00e1t.<\/p>\n<p><i><a href=\"http:\/\/www.studionadej.sk\/obraz-bozej-lasky\/\">P\u0159evzato z k\u00e1z\u00e1n\u00ed &#8222;Istota spasenia&#8220; od Em\u00edlio Knechtla (do sloven\u0161tiny p\u0159elo\u017eil a namluvil Vladim\u00edr Koh\u00fat).<\/a><\/i><\/p>\n","protected":false},"excerpt":{"rendered":"<p>Kdy\u017e jsem byl mal\u00fd chlapec, \u010dasto jsem se s otcem proch\u00e1zel, a to i v de\u0161ti. M\u011bl jsem nepromokav\u00fd pl\u00e1\u0161\u0165 a gum\u00e1ky, a jen co se objevila n\u011bjak\u00e1 kalu\u017e, cht\u011bl jsem ji p\u0159esko\u010dit. Proto\u017ee jsem m\u011bl nohy je\u0161t\u011b kr\u00e1tk\u00e9, v\u017edy jsem sko\u010dil do kalu\u017ee. Tat\u00ednek mi pov\u00eddal: &#8222;Dr\u017e se m\u011b za ruku.&#8220; Ud\u011blal jsem to. &hellip; <a href=\"https:\/\/radvanice.casd.cz\/?p=3014\" class=\"more-link\">Pokra\u010dov\u00e1n\u00ed textu <span class=\"screen-reader-text\">Em\u00edlio Knechtle: B\u016fh je ten, kdo n\u00e1s dr\u017e\u00ed<\/span><\/a><\/p>\n","protected":false},"author":2,"featured_media":0,"comment_status":"closed","ping_status":"open","sticky":false,"template":"","format":"standard","meta":{"_monsterinsights_skip_tracking":false,"_monsterinsights_sitenote_active":false,"_monsterinsights_sitenote_note":"","_monsterinsights_sitenote_category":0,"ngg_post_thumbnail":0,"footnotes":""},"categories":[32],"tags":[],"class_list":["post-3014","post","type-post","status-publish","format-standard","hentry","category-zamysleni"],"_links":{"self":[{"href":"https:\/\/radvanice.casd.cz\/index.php?rest_route=\/wp\/v2\/posts\/3014","targetHints":{"allow":["GET"]}}],"collection":[{"href":"https:\/\/radvanice.casd.cz\/index.php?rest_route=\/wp\/v2\/posts"}],"about":[{"href":"https:\/\/radvanice.casd.cz\/index.php?rest_route=\/wp\/v2\/types\/post"}],"author":[{"embeddable":true,"href":"https:\/\/radvanice.casd.cz\/index.php?rest_route=\/wp\/v2\/users\/2"}],"replies":[{"embeddable":true,"href":"https:\/\/radvanice.casd.cz\/index.php?rest_route=%2Fwp%2Fv2%2Fcomments&post=3014"}],"version-history":[{"count":2,"href":"https:\/\/radvanice.casd.cz\/index.php?rest_route=\/wp\/v2\/posts\/3014\/revisions"}],"predecessor-version":[{"id":3020,"href":"https:\/\/radvanice.casd.cz\/index.php?rest_route=\/wp\/v2\/posts\/3014\/revisions\/3020"}],"wp:attachment":[{"href":"https:\/\/radvanice.casd.cz\/index.php?rest_route=%2Fwp%2Fv2%2Fmedia&parent=3014"}],"wp:term":[{"taxonomy":"category","embeddable":true,"href":"https:\/\/radvanice.casd.cz\/index.php?rest_route=%2Fwp%2Fv2%2Fcategories&post=3014"},{"taxonomy":"post_tag","embeddable":true,"href":"https:\/\/radvanice.casd.cz\/index.php?rest_route=%2Fwp%2Fv2%2Ftags&post=3014"}],"curies":[{"name":"wp","href":"https:\/\/api.w.org\/{rel}","templated":true}]}}