{"id":3007,"date":"2015-08-24T12:00:46","date_gmt":"2015-08-24T10:00:46","guid":{"rendered":"http:\/\/radvanice.casd.cz\/?p=3007"},"modified":"2015-11-23T11:06:44","modified_gmt":"2015-11-23T10:06:44","slug":"emilio-knechtle-buh-touzi-po-nasi-lasce-a-ceka-na-nas","status":"publish","type":"post","link":"https:\/\/radvanice.casd.cz\/?p=3007","title":{"rendered":"Em\u00edlio Knechtle: B\u016fh tou\u017e\u00ed po na\u0161\u00ed l\u00e1sce a \u010dek\u00e1 na n\u00e1s"},"content":{"rendered":"<p>Z jednoho kraje poch\u00e1z\u00ed tato pov\u011bst:<\/p>\n<p>Mlad\u00fd mu\u017e p\u0159i\u0161el k P\u00e1nu Je\u017e\u00ed\u0161i a zeptal se ho: \u201ePane, ve Star\u00e9m z\u00e1kon\u011b je n\u011bco, \u010demu nerozum\u00edm.\u201c &#8211; A P\u00e1n mu \u0159ekl: \u201eCo je to? Mo\u017en\u00e1 ti to vysv\u011btl\u00edm.\u201c \u2013 \u201ePro\u010d \u0159\u00edk\u00e1 kr\u00e1l \u0160alamoun, kdy\u017e byl na vrcholu sv\u00e9 sl\u00e1vy, kdy\u017e byl takov\u00fd bohat\u00fd a m\u011bl v\u0161echno, co si p\u0159\u00e1l, \u017ee je to marnost, pr\u00e1zdnota a bezv\u00fdznamnost? Pro\u010d n\u011bco takov\u00e9ho \u0159\u00edk\u00e1? Pro\u010d nebyl \u0161\u0165astn\u00fd, kdy\u017e toho tolik m\u011bl &#8211; zlat\u00fd pal\u00e1c, tis\u00edc \u017een, kon\u011b, vojsko a v\u0161echno?\u201c &#8211; A P\u00e1n Je\u017e\u00ed\u0161 \u0159\u00edk\u00e1: \u201eTe\u010f ti odpov\u011b\u010f na tuhle ot\u00e1zku ned\u00e1m, nepochopil bys ji. Jednoho dne se to v\u0161ak dozv\u00ed\u0161. Poj\u010f, n\u00e1sleduj m\u011b a jednou pochop\u00ed\u0161, pro\u010d to \u0160alamoun \u0159ekl.\u201c<\/p>\n<p><!--more--><\/p>\n<p>Mlad\u00fd mu\u017e \u0161el za Je\u017e\u00ed\u0161em a v\u0161ude ho n\u00e1sledoval. Vid\u011bl, jak Je\u017e\u00ed\u0161 proch\u00e1z\u00ed vesnicemi a v\u0161ude pom\u00e1h\u00e1 a uzdravuje. Jednou ve\u010der, kdy\u017e byli na poli sami, se P\u00e1n Je\u017e\u00ed\u0161 unaven\u00fd a vy\u010derpan\u00fd posadil na velk\u00fd k\u00e1men a \u0159ekl: \u201eU\u017e nezvl\u00e1dnu j\u00edt d\u00e1l, m\u00e1m velkou \u017e\u00edze\u0148. P\u0159\u00edteli, vid\u00ed\u0161 tam na vrchu tu malou vesni\u010dku? Mohl bys mi odtamtud don\u00e9st trochu \u010derstv\u011b vody?\u201c \u2013 \u201eJist\u011b\u017ee Pane, jen tady z\u016fsta\u0148, odpo\u010di\u0148 si. J\u00e1 se hned s vodou vr\u00e1t\u00edm.\u201c<br \/>\nA mlad\u00edk b\u011b\u017eel p\u0159es pole, sp\u011bchal do vesnice, vybral si nejkr\u00e1sn\u011bj\u0161\u00ed d\u016fm a zaklepal. Dve\u0159e se otev\u0159eli a na prahu st\u00e1la p\u0159ekr\u00e1sn\u00e1 d\u00edvka. \u201ePros\u00edm, poj\u010f d\u00e1l\u201c \u0159ekla. Ve\u0161el. Je\u0161t\u011b nikdy nevid\u011bl takov\u00fd kr\u00e1sn\u00fd d\u016fm. P\u0159edstavila ho rodi\u010d\u016fm a otec \u0159ekl: \u201eVypad\u00e1\u0161 velmi unaven\u00fd a opu\u0161t\u011bn\u00fd. Poj\u010f, p\u0159isedni si k n\u00e1m.\u201c Mlad\u00edk se posadil, najedl se a po j\u00eddle dostal i nov\u00e9 \u0161aty. P\u0159ipravili mu kr\u00e1snou postel, kde se mlad\u00edk vyspal a na druh\u00fd den ho otec posadil na kon\u011b, vzal ho do sv\u00fdch vinic a \u0159ekl mu: \u201eJ\u00e1 jsem bohat\u00fd \u010dlov\u011bk, tohle v\u0161e mi pat\u0159\u00ed.\u201c<br \/>\nPo \u0161esti m\u011bs\u00edc\u00edch se mlad\u00fd mu\u017e o\u017eenil s kr\u00e1snou dcerou toho boh\u00e1\u010de. M\u011bli spolu t\u0159i mal\u00e9 kluky. Jednou si je otec posadil na kon\u011b a vy\u0161el s nimi na pole. Vypr\u00e1v\u011bl jim: \u201eChlapci, to v\u0161echno co vid\u00edte, pat\u0159\u00ed te\u010f m\u011b a jednou to v\u0161echno po m\u011b zd\u011bd\u00edte vy.\u201c Jeden z chlapc\u016f n\u00e1hle \u0159ekl: \u201eTat\u00ednku, pod\u00edvej, jak\u00e9 jde \u010derno.\u201c \u2013 \u201eM\u00e1\u0161 pravdu, takov\u00e9 \u010dern\u00e9 nebe jsem je\u0161t\u011b nevid\u011bl\u201c odpov\u011bd\u011bl otec. Za n\u011bkolik sekund se spustila hrozn\u00e1 bou\u0159ka s pr\u016ftr\u017e\u00ed mra\u010den. Cel\u00fd zd\u011b\u0161en\u00fd vid\u011bl, jak se \u0159\u00edt\u00ed jeho d\u016fm a vinice p\u0159ich\u00e1z\u00ed nazmar. Jeho d\u011bti se utopili v kaln\u00fdch vod\u00e1ch a on s\u00e1m se jen s vyp\u011bt\u00edm posledn\u00edch sil zachr\u00e1nil na mal\u00e9m n\u00e1vr\u0161\u00ed. Tam pad\u00e1 na kolena a usedav\u011b pl\u00e1\u010de a pl\u00e1\u010de.<br \/>\nNajednou za sebou sly\u0161\u00ed hlas: \u201eP\u0159\u00edteli, donesl jsi mi tu vodu, o kterou jsem t\u011b prosil? Vodu, pro kterou jsem t\u011b poslal?\u201c Mlad\u00fd mu\u017e se obr\u00e1til a uvid\u011bl st\u00e1t Je\u017e\u00ed\u0161e v de\u0161ti. \u2013 \u201eNedonesl Pane. To je stra\u0161n\u00e9. P\u0159ed lety jsi mi \u0159\u00edkal, \u017ee m\u00e1\u0161 \u017e\u00edze\u0148 a chce\u0161 se nap\u00edt. J\u00e1 jsem \u0161el pro tu vodu, ale u\u017e jsem se nevr\u00e1til. To je hrozn\u00e9, styd\u00edm se a s\u00e1m sebou opovrhuju. Jak jsem mohl na tebe zapomenout? M\u016f\u017ee\u0161 mi to odpustit?\u201c &#8211; A P\u00e1n Je\u017e\u00ed\u0161 mu \u0159\u00edk\u00e1: \u201eTe\u010f, te\u010f u\u017e snad ch\u00e1pe\u0161, pro\u010d \u0160alamoun na vrcholu sv\u00e9 sl\u00e1vy, kdy\u017e m\u011bl v\u0161echno, \u0159ekl, \u017ee je to marnost, pr\u00e1zdnota a bezv\u00fdznamnost. Na tv\u00fdch hodin\u00e1ch, p\u0159\u00edteli, uplynulo mnoho let od chv\u00edle, kdy jsi m\u011b nechal sed\u011bt na tomhle kameni. Ale na m\u00fdch hodin\u00e1ch uplynula jen p\u016fl hodina. Poj\u010f, podej mi ruku, p\u0159ed n\u00e1mi le\u017e\u00ed cel\u00fd sv\u011bt a \u010dek\u00e1 na evangelium. Pust\u00edme se do pr\u00e1ce.\u201c<\/p>\n<p>Na\u0161\u00ed \u00falohou je uhasit Bo\u017e\u00ed \u017e\u00edze\u0148. B\u016fh tou\u017e\u00ed po na\u0161\u00ed l\u00e1sce, jako miluj\u00edc\u00ed otec tou\u017e\u00ed po l\u00e1sce sv\u00fdch d\u011bt\u00ed. Kdy\u017e jsem se vracel asi hodinu vlakem z pr\u00e1ce dom\u016f, nemohl jsem se do\u010dkat chv\u00edle, a\u017e mi m\u00fdch \u0161est d\u011bt\u00ed p\u0159ib\u011bhne naproti a budou m\u011b pusinkovat, obj\u00edmat a hladit. Tak B\u016fh tou\u017e\u00ed po na\u0161\u00ed l\u00e1sce. \u010casto o tom \u010dteme v P\u00edsmu &#8211; u Oze\u00e1\u0161e, v P\u0159\u00edslov\u00ed i jinde: \u201eDej mi m\u016fj synu sv\u00e9 srdce.\u201c Kdy\u017e to v\u0161ak d\u011bl\u00e1me jako onen mlad\u00fd mu\u017e, kdy\u017e odch\u00e1z\u00edme a zaj\u00edmaj\u00ed n\u00e1s pen\u00edze, kari\u00e9ra, domy, kr\u00e1sn\u011b za\u0159\u00edzen\u00e9 byty, opu\u0161t\u011bn\u00fd Je\u017e\u00ed\u0161 \u010dek\u00e1. On se nevzd\u00e1v\u00e1, on \u010dek\u00e1, a\u017e se k n\u011bmu vr\u00e1t\u00edme. J\u00e1 jsem ho nap\u0159\u00edklad nechal \u010dekat cel\u00fdch 34 let.<br \/>\nOn \u0159\u00edk\u00e1: \u201eUplynuly roky, ale na m\u00fdch hodin\u00e1ch uplynulo jen p\u00e1r minut. Poj\u010f mil\u00e9 d\u00edt\u011b, poj\u010f. P\u0159ed n\u00e1mi je je\u0161t\u011b mnoho pr\u00e1ce, kterou mus\u00edme spolu vykonat.\u201c<\/p>\n<p>Kdy\u017e jsme my nev\u011brn\u00ed, B\u016fh z\u016fst\u00e1v\u00e1 v\u011brn\u00fd. Kdy\u017e jsou mezi v\u00e1mi takov\u00ed, kte\u0159\u00ed cel\u00e9 roky neop\u011btovali P\u00e1nu Je\u017e\u00ed\u0161i jeho l\u00e1sku, nevzd\u00e1vejte se nad\u011bje. Nev\u011b\u0159te satanov\u011b l\u017ei, kter\u00fd v\u00e1m na\u0161ept\u00e1v\u00e1: \u201eB\u016fh t\u011b u\u017e nem\u016f\u017ee m\u00edt r\u00e1d. U\u017e se t\u011b d\u00e1vno vzdal.\u201c Tomu pros\u00edm v\u00e1s nev\u011b\u0159te, to je le\u017e! Vra\u0165te se k Bohu a \u0159ekn\u011bte mu: \u201ePane, up\u0159\u00edmn\u011b toho lituji, \u017ee jsem \u017eil jen pro sebe. Odte\u010f chci \u017e\u00edt pro tebe a s tebou. V\u0161e ti d\u00e1v\u00e1m k dispozici.\u201c P\u00e1n Je\u017e\u00ed\u0161 v\u00e1s ur\u010dit\u011b p\u0159\u00edjme a podivn\u00fdm zp\u016fsobem pou\u017eije pro svoji slu\u017ebu.<\/p>\n<p>Ellen Whiteov\u00e1 p\u00ed\u0161e, \u017ee to co jsme za cel\u00e9 roky zanedbali, to P\u00e1n m\u016f\u017ee p\u0159i opravdov\u00e9m odevzd\u00e1n\u00ed za kr\u00e1tk\u00fd \u010das napravit. To je p\u0159edivn\u00e9 zasl\u00edben\u00ed.<\/p>\n<p><i><a href=\"http:\/\/www.studionadej.sk\/obraz-bozej-lasky\/\">P\u0159evzato z p\u0159edn\u00e1\u0161ky &#8222;Milova\u0165 znamen\u00e1 trpie\u0165&#8220; od Em\u00edlio Knechtla (do sloven\u0161tiny p\u0159elo\u017eil a namluvil Vladim\u00edr Koh\u00fat).<\/a><\/i><\/p>\n","protected":false},"excerpt":{"rendered":"<p>Z jednoho kraje poch\u00e1z\u00ed tato pov\u011bst: Mlad\u00fd mu\u017e p\u0159i\u0161el k P\u00e1nu Je\u017e\u00ed\u0161i a zeptal se ho: \u201ePane, ve Star\u00e9m z\u00e1kon\u011b je n\u011bco, \u010demu nerozum\u00edm.\u201c &#8211; A P\u00e1n mu \u0159ekl: \u201eCo je to? Mo\u017en\u00e1 ti to vysv\u011btl\u00edm.\u201c \u2013 \u201ePro\u010d \u0159\u00edk\u00e1 kr\u00e1l \u0160alamoun, kdy\u017e byl na vrcholu sv\u00e9 sl\u00e1vy, kdy\u017e byl takov\u00fd bohat\u00fd a m\u011bl v\u0161echno, co &hellip; <a href=\"https:\/\/radvanice.casd.cz\/?p=3007\" class=\"more-link\">Pokra\u010dov\u00e1n\u00ed textu <span class=\"screen-reader-text\">Em\u00edlio Knechtle: B\u016fh tou\u017e\u00ed po na\u0161\u00ed l\u00e1sce a \u010dek\u00e1 na n\u00e1s<\/span><\/a><\/p>\n","protected":false},"author":2,"featured_media":0,"comment_status":"closed","ping_status":"open","sticky":false,"template":"","format":"standard","meta":{"_monsterinsights_skip_tracking":false,"_monsterinsights_sitenote_active":false,"_monsterinsights_sitenote_note":"","_monsterinsights_sitenote_category":0,"ngg_post_thumbnail":0,"footnotes":""},"categories":[32],"tags":[],"class_list":["post-3007","post","type-post","status-publish","format-standard","hentry","category-zamysleni"],"_links":{"self":[{"href":"https:\/\/radvanice.casd.cz\/index.php?rest_route=\/wp\/v2\/posts\/3007","targetHints":{"allow":["GET"]}}],"collection":[{"href":"https:\/\/radvanice.casd.cz\/index.php?rest_route=\/wp\/v2\/posts"}],"about":[{"href":"https:\/\/radvanice.casd.cz\/index.php?rest_route=\/wp\/v2\/types\/post"}],"author":[{"embeddable":true,"href":"https:\/\/radvanice.casd.cz\/index.php?rest_route=\/wp\/v2\/users\/2"}],"replies":[{"embeddable":true,"href":"https:\/\/radvanice.casd.cz\/index.php?rest_route=%2Fwp%2Fv2%2Fcomments&post=3007"}],"version-history":[{"count":3,"href":"https:\/\/radvanice.casd.cz\/index.php?rest_route=\/wp\/v2\/posts\/3007\/revisions"}],"predecessor-version":[{"id":3023,"href":"https:\/\/radvanice.casd.cz\/index.php?rest_route=\/wp\/v2\/posts\/3007\/revisions\/3023"}],"wp:attachment":[{"href":"https:\/\/radvanice.casd.cz\/index.php?rest_route=%2Fwp%2Fv2%2Fmedia&parent=3007"}],"wp:term":[{"taxonomy":"category","embeddable":true,"href":"https:\/\/radvanice.casd.cz\/index.php?rest_route=%2Fwp%2Fv2%2Fcategories&post=3007"},{"taxonomy":"post_tag","embeddable":true,"href":"https:\/\/radvanice.casd.cz\/index.php?rest_route=%2Fwp%2Fv2%2Ftags&post=3007"}],"curies":[{"name":"wp","href":"https:\/\/api.w.org\/{rel}","templated":true}]}}