{"id":3005,"date":"2015-08-18T12:00:06","date_gmt":"2015-08-18T10:00:06","guid":{"rendered":"http:\/\/radvanice.casd.cz\/?p=3005"},"modified":"2015-11-23T11:06:48","modified_gmt":"2015-11-23T10:06:48","slug":"emilio-knechtle-jezis-za-volantem","status":"publish","type":"post","link":"https:\/\/radvanice.casd.cz\/?p=3005","title":{"rendered":"Em\u00edlio Knechtle: Je\u017e\u00ed\u0161 za volantem"},"content":{"rendered":"<p>P\u0159edstavte si, \u017ee sed\u00edte za volantem auta, uh\u00e1n\u00edte 100 km rychlost\u00ed a najednou v\u00e1s zastav\u00ed n\u011bjak\u00fd \u010dlov\u011bk. Vy mu otev\u0159ete zadn\u00ed dve\u0159e a nab\u00eddnete mu, aby si sednul dozadu.<br \/>\n&#8211; Krout\u00ed hlavou.<br \/>\n&#8211; &#8222;Jestli chcete, m\u016f\u017eete si sednout ke mn\u011b dop\u0159edu.&#8220;<br \/>\n&#8211; On ale znova krout\u00ed hlavou.<br \/>\n&#8211; &#8222;Pro\u010d jste m\u011b teda zastavili?&#8220;<br \/>\n&#8211; &#8222;Proto\u017ee chci sed\u011bt tam, kde sed\u00ed\u0161 ty &#8211; za volantem.&#8220;<\/p>\n<p>Pan Je\u017e\u00ed\u0161 nechce sed\u011bt vzadu. Nechce sed\u011bt ani vedle tebe jako tv\u016fj partner. On chce, abychom kormidlo sv\u00e9ho \u017eivota sv\u011b\u0159ili jemu.<\/p>\n<p><i><a href=\"http:\/\/www.studionadej.sk\/obraz-bozej-lasky\/\">P\u0159evzato z p\u0159edn\u00e1\u0161ek &#8222;Obraz Bo\u017eej l\u00e1sky&#8220; od Em\u00edlio Knechtla (do sloven\u0161tiny p\u0159elo\u017eil a namluvil Vladim\u00edr Koh\u00fat).<\/a><\/i><\/p>\n","protected":false},"excerpt":{"rendered":"<p>P\u0159edstavte si, \u017ee sed\u00edte za volantem auta, uh\u00e1n\u00edte 100 km rychlost\u00ed a najednou v\u00e1s zastav\u00ed n\u011bjak\u00fd \u010dlov\u011bk. Vy mu otev\u0159ete zadn\u00ed dve\u0159e a nab\u00eddnete mu, aby si sednul dozadu. &#8211; Krout\u00ed hlavou. &#8211; &#8222;Jestli chcete, m\u016f\u017eete si sednout ke mn\u011b dop\u0159edu.&#8220; &#8211; On ale znova krout\u00ed hlavou. &#8211; &#8222;Pro\u010d jste m\u011b teda zastavili?&#8220; &#8211; &#8222;Proto\u017ee &hellip; <a href=\"https:\/\/radvanice.casd.cz\/?p=3005\" class=\"more-link\">Pokra\u010dov\u00e1n\u00ed textu <span class=\"screen-reader-text\">Em\u00edlio Knechtle: Je\u017e\u00ed\u0161 za volantem<\/span><\/a><\/p>\n","protected":false},"author":2,"featured_media":0,"comment_status":"closed","ping_status":"open","sticky":false,"template":"","format":"standard","meta":{"_monsterinsights_skip_tracking":false,"_monsterinsights_sitenote_active":false,"_monsterinsights_sitenote_note":"","_monsterinsights_sitenote_category":0,"ngg_post_thumbnail":0,"footnotes":""},"categories":[32],"tags":[],"class_list":["post-3005","post","type-post","status-publish","format-standard","hentry","category-zamysleni"],"_links":{"self":[{"href":"https:\/\/radvanice.casd.cz\/index.php?rest_route=\/wp\/v2\/posts\/3005","targetHints":{"allow":["GET"]}}],"collection":[{"href":"https:\/\/radvanice.casd.cz\/index.php?rest_route=\/wp\/v2\/posts"}],"about":[{"href":"https:\/\/radvanice.casd.cz\/index.php?rest_route=\/wp\/v2\/types\/post"}],"author":[{"embeddable":true,"href":"https:\/\/radvanice.casd.cz\/index.php?rest_route=\/wp\/v2\/users\/2"}],"replies":[{"embeddable":true,"href":"https:\/\/radvanice.casd.cz\/index.php?rest_route=%2Fwp%2Fv2%2Fcomments&post=3005"}],"version-history":[{"count":2,"href":"https:\/\/radvanice.casd.cz\/index.php?rest_route=\/wp\/v2\/posts\/3005\/revisions"}],"predecessor-version":[{"id":3024,"href":"https:\/\/radvanice.casd.cz\/index.php?rest_route=\/wp\/v2\/posts\/3005\/revisions\/3024"}],"wp:attachment":[{"href":"https:\/\/radvanice.casd.cz\/index.php?rest_route=%2Fwp%2Fv2%2Fmedia&parent=3005"}],"wp:term":[{"taxonomy":"category","embeddable":true,"href":"https:\/\/radvanice.casd.cz\/index.php?rest_route=%2Fwp%2Fv2%2Fcategories&post=3005"},{"taxonomy":"post_tag","embeddable":true,"href":"https:\/\/radvanice.casd.cz\/index.php?rest_route=%2Fwp%2Fv2%2Ftags&post=3005"}],"curies":[{"name":"wp","href":"https:\/\/api.w.org\/{rel}","templated":true}]}}